{"id":35252,"date":"2022-12-03T17:39:00","date_gmt":"2022-12-03T20:39:00","guid":{"rendered":"https:\/\/www.radiopresidenteibanez.cl\/web\/?p=35252"},"modified":"2022-12-02T22:17:48","modified_gmt":"2022-12-03T01:17:48","slug":"fiscal-sacfi-y-pdi-dialogan-con-directores-de-establecimientos-educativos","status":"publish","type":"post","link":"https:\/\/www.radiopresidenteibanez.cl\/web\/fiscal-sacfi-y-pdi-dialogan-con-directores-de-establecimientos-educativos\/","title":{"rendered":"FISCAL SACFI Y PDI DIALOGAN CON DIRECTORES DE ESTABLECIMIENTOS EDUCATIVOS"},"content":{"rendered":"\n<p>El Fiscal Jefe de la Unidad de An\u00e1lisis Criminal y<br>Focos Investigativos, Felipe Aguirre, en conjunto con la Brigada de Robo de la<br>Polic\u00eda de Investigaciones de Chile, se reunieron hoy, con directores de<br>establecimientos educativos municipales pertenecientes a la Corporaci\u00f3n<br>Municipal de Punta Arenas, Cormupa, para hablar sobre el rol de la Fiscal\u00eda y<br>la forma de investigaci\u00f3n utilizada por la Unidad de An\u00e1lisis Criminal y Focos<br>Investigativos, SACFI, identificando y abordando integralmente las<br>problem\u00e1ticas delictuales, especialmente en delitos contra la propiedad.<br>En la oportunidad, se habl\u00f3 adem\u00e1s de mejoras en prevenci\u00f3n y medidas \u00fatiles<br>de seguridad.<br>Cabe indicar que estas charlas se han realizado, a lo largo del a\u00f1o, con<br>distintas agrupaciones de la Regi\u00f3n y seguir\u00e1n repiti\u00e9ndose abarcando<br>diversas materias en el \u00e1mbito penal.<\/p>\n","protected":false},"excerpt":{"rendered":"<p>El Fiscal Jefe de la Unidad de An\u00e1lisis Criminal yFocos Investigativos, Felipe Aguirre, en conjunto con la Brigada de Robo de laPolic\u00eda de Investigaciones de Chile, se reunieron hoy, con&#8230; <a class=\"read-more\" href=\"https:\/\/www.radiopresidenteibanez.cl\/web\/fiscal-sacfi-y-pdi-dialogan-con-directores-de-establecimientos-educativos\/\">Leer m\u00e1s<\/a><\/p>\n","protected":false},"author":2,"featured_media":35253,"comment_status":"closed","ping_status":"closed","sticky":false,"template":"","format":"standard","meta":{"footnotes":""},"categories":[1],"tags":[],"class_list":["post-35252","post","type-post","status-publish","format-standard","has-post-thumbnail","hentry","category-cronica"],"_links":{"self":[{"href":"https:\/\/www.radiopresidenteibanez.cl\/web\/wp-json\/wp\/v2\/posts\/35252","targetHints":{"allow":["GET"]}}],"collection":[{"href":"https:\/\/www.radiopresidenteibanez.cl\/web\/wp-json\/wp\/v2\/posts"}],"about":[{"href":"https:\/\/www.radiopresidenteibanez.cl\/web\/wp-json\/wp\/v2\/types\/post"}],"author":[{"embeddable":true,"href":"https:\/\/www.radiopresidenteibanez.cl\/web\/wp-json\/wp\/v2\/users\/2"}],"replies":[{"embeddable":true,"href":"https:\/\/www.radiopresidenteibanez.cl\/web\/wp-json\/wp\/v2\/comments?post=35252"}],"version-history":[{"count":0,"href":"https:\/\/www.radiopresidenteibanez.cl\/web\/wp-json\/wp\/v2\/posts\/35252\/revisions"}],"wp:featuredmedia":[{"embeddable":true,"href":"https:\/\/www.radiopresidenteibanez.cl\/web\/wp-json\/wp\/v2\/media\/35253"}],"wp:attachment":[{"href":"https:\/\/www.radiopresidenteibanez.cl\/web\/wp-json\/wp\/v2\/media?parent=35252"}],"wp:term":[{"taxonomy":"category","embeddable":true,"href":"https:\/\/www.radiopresidenteibanez.cl\/web\/wp-json\/wp\/v2\/categories?post=35252"},{"taxonomy":"post_tag","embeddable":true,"href":"https:\/\/www.radiopresidenteibanez.cl\/web\/wp-json\/wp\/v2\/tags?post=35252"}],"curies":[{"name":"wp","href":"https:\/\/api.w.org\/{rel}","templated":true}]}}