{"id":35249,"date":"2022-12-03T16:47:00","date_gmt":"2022-12-03T19:47:00","guid":{"rendered":"https:\/\/www.radiopresidenteibanez.cl\/web\/?p=35249"},"modified":"2022-12-02T22:14:28","modified_gmt":"2022-12-03T01:14:28","slug":"nuevo-ferry-kenos-de-tabsa-fue-puesto-a-flote","status":"publish","type":"post","link":"https:\/\/www.radiopresidenteibanez.cl\/web\/nuevo-ferry-kenos-de-tabsa-fue-puesto-a-flote\/","title":{"rendered":"<strong>Nuevo ferry K\u00e9nos de TABSA fue puesto a flote<\/strong>"},"content":{"rendered":"\n<p>En el astillero Jiangsu Wuxi Shipyard, ubicado en la ciudad china de Wuxi, en la zona del r\u00edo Yangtse, fue puesto a flote el ferry K\u00e9nos de TABSA, la m\u00e1s moderna embarcaci\u00f3n en su tipo que operar\u00e1 en Chile en los pr\u00f3ximos meses. Con este hito, comienza su \u00faltima etapa constructiva para luego ser trasladado a Magallanes.<\/p>\n\n\n\n<p>As\u00ed lo se\u00f1al\u00f3, Gustavo Mancilla, Project Manager e ingeniero constructor naval de TABSA, quien estuvo trabajando desde los inicios del proyecto, y quien desde China indic\u00f3 que el K\u00e9nos es un ferry de 6 pistas, una eslora (largo) de 89 metros y casi 21 metros de manga (ancho), capacitado para el traslado de pasajeros, rodados y otro tipo de cargas especiales con sus 395 metros lineales, capacidad de carga de 600 toneladas y 343 pasajeros de capacidad.<\/p>\n\n\n\n<p>\u201cMe siento orgulloso y emocionado a la vez de ver nacer este ferry; que desde el papel y despu\u00e9s de muchos estudios finalmente est\u00e1 en el agua. Tenemos especial cari\u00f1o en TABSA por este ferry ya que fue construido durante la pandemia, lo que signific\u00f3 un desaf\u00edo mayor para todo el equipo que trabaj\u00f3 en este proyecto\u201d, destac\u00f3 Mancilla.<\/p>\n\n\n\n<p>La puesta a flote se realiz\u00f3 con la presencia de Directivos del astillero, ejecutivos, ingenieros, t\u00e9cnicos y contratistas.<\/p>\n\n\n\n<p>Cristobal Kulczewski, Gerente General de TABSA, indic\u00f3 que el K\u00e9nos fortalecer\u00e1 la conectividad en Magallanes \u201cacompa\u00f1ando de esta forma las necesidades de la comunidad y de los proyectos locales. Con esta embarcaci\u00f3n la empresa totaliza 13 embarcaciones en su flota distribuidas entre las regiones de Los Lagos y Magallanes.\u201d<\/p>\n\n\n\n<p>El K\u00e9nos inici\u00f3 su \u00faltima etapa de trabajos de detalles y terminaciones, pruebas de mar, entre otros, estando prevista su entrega al armador en enero de 2023 en China. Luego deber\u00e1 enfrentar una navegaci\u00f3n de m\u00e1s de 12.000 millas n\u00e1uticas a trav\u00e9s del oc\u00e9ano Pacifico para finalmente arribar a Punta Arenas.<\/p>\n","protected":false},"excerpt":{"rendered":"<p>En el astillero Jiangsu Wuxi Shipyard, ubicado en la ciudad china de Wuxi, en la zona del r\u00edo Yangtse, fue puesto a flote el ferry K\u00e9nos de TABSA, la m\u00e1s&#8230; <a class=\"read-more\" href=\"https:\/\/www.radiopresidenteibanez.cl\/web\/nuevo-ferry-kenos-de-tabsa-fue-puesto-a-flote\/\">Leer m\u00e1s<\/a><\/p>\n","protected":false},"author":2,"featured_media":35250,"comment_status":"closed","ping_status":"closed","sticky":false,"template":"","format":"standard","meta":{"footnotes":""},"categories":[1],"tags":[],"class_list":["post-35249","post","type-post","status-publish","format-standard","has-post-thumbnail","hentry","category-cronica"],"_links":{"self":[{"href":"https:\/\/www.radiopresidenteibanez.cl\/web\/wp-json\/wp\/v2\/posts\/35249","targetHints":{"allow":["GET"]}}],"collection":[{"href":"https:\/\/www.radiopresidenteibanez.cl\/web\/wp-json\/wp\/v2\/posts"}],"about":[{"href":"https:\/\/www.radiopresidenteibanez.cl\/web\/wp-json\/wp\/v2\/types\/post"}],"author":[{"embeddable":true,"href":"https:\/\/www.radiopresidenteibanez.cl\/web\/wp-json\/wp\/v2\/users\/2"}],"replies":[{"embeddable":true,"href":"https:\/\/www.radiopresidenteibanez.cl\/web\/wp-json\/wp\/v2\/comments?post=35249"}],"version-history":[{"count":0,"href":"https:\/\/www.radiopresidenteibanez.cl\/web\/wp-json\/wp\/v2\/posts\/35249\/revisions"}],"wp:featuredmedia":[{"embeddable":true,"href":"https:\/\/www.radiopresidenteibanez.cl\/web\/wp-json\/wp\/v2\/media\/35250"}],"wp:attachment":[{"href":"https:\/\/www.radiopresidenteibanez.cl\/web\/wp-json\/wp\/v2\/media?parent=35249"}],"wp:term":[{"taxonomy":"category","embeddable":true,"href":"https:\/\/www.radiopresidenteibanez.cl\/web\/wp-json\/wp\/v2\/categories?post=35249"},{"taxonomy":"post_tag","embeddable":true,"href":"https:\/\/www.radiopresidenteibanez.cl\/web\/wp-json\/wp\/v2\/tags?post=35249"}],"curies":[{"name":"wp","href":"https:\/\/api.w.org\/{rel}","templated":true}]}}