{"id":35243,"date":"2022-12-03T14:10:00","date_gmt":"2022-12-03T17:10:00","guid":{"rendered":"https:\/\/www.radiopresidenteibanez.cl\/web\/?p=35243"},"modified":"2022-12-02T22:07:00","modified_gmt":"2022-12-03T01:07:00","slug":"concluyo-feria-literaria-vendaval-cultural-en-magallanes","status":"publish","type":"post","link":"https:\/\/www.radiopresidenteibanez.cl\/web\/concluyo-feria-literaria-vendaval-cultural-en-magallanes\/","title":{"rendered":"<strong>Concluy\u00f3 Feria Literaria \u00abVendaval Cultural en Magallanes\u201d\u00a0<\/strong>"},"content":{"rendered":"\n<p>Despu\u00e9s de haber recorrido cielo, mar y tierra, literalmente, ayer en las dependencias del establecimiento Educacional Coronel Santiago Bueras de Puerto Natales, finaliz\u00f3 la Feria Literaria \u201cVendaval Cultural en Magallanes\u2026 Leer, Fantasear, So\u00f1ar\u201d, que tuvo como escenario las cuatro provincias de la Regi\u00f3n de Magallanes y de la Ant\u00e1rtica Chilena.&nbsp;<\/p>\n\n\n\n<p>Esta iniciativa, organizada por la Seremi de Educaci\u00f3n, recorri\u00f3 las cuatro cabeceras de la regi\u00f3n, abriendo los fuegos en la Provincia de Magallanes (Cijum), luego la Provincia Ant\u00e1rtica (Gimnasio del Liceo Donald Mc Intyre Griffiths) y la Provincia de Tierra del Fuego (Centro de Formaci\u00f3n T\u00e9cnica), para concluir en la Provincia de \u00daltima Esperanza.&nbsp;<\/p>\n\n\n\n<p>Dentro del cronograma de la Feria Literaria destacaron el actor Juan Aro con las representaciones de \u201cLas Hojas de Guido\u201d, basada en el libro de Pablo Ruiz Teneb, y El Ovejero, historia con la que rescata las vivencias de la poblaci\u00f3n que emigr\u00f3 de Chilo\u00e9 rumbo a Punta Arenas. Tambi\u00e9n los Cuenta Cuentos de la Escuela Baudilia Avenda\u00f1o de Yousuff, interpretado por sus estudiantes, y los Cuenta Cuentos en Kamishibai, a cargo de \u201cPumita Lector\u201d, la poeta Zulema Ojeda, el conversatorio \u201cCuriosidades de los Libros\u201d, del equipo CRA del Liceo Bicentenario Polit\u00e9cnico Luis Cruz Mart\u00ednez, la presentaci\u00f3n del libro del Instituto Ant\u00e1rtico Chileno (INACH) denominado \u201cAnt\u00e1rtica en Cifras\u201d, y finalmente, el mon\u00f3logo de la actriz Carolina Gonz\u00e1lez, inspirado en \u201cGabriela Austral\u201d,&nbsp;&nbsp;obra de Dusan Martinovic, quien cerr\u00f3 con una charla al respecto.&nbsp;<\/p>\n\n\n\n<p>Cabe se\u00f1alar que estas actividades que contaron con el apoyo de la delegada presidencial provincial de \u00daltima Esperanza, Romina \u00c1lvarez, y la alcaldesa de Natales, Antonieta Oyarzo, forman parte de la Pol\u00edtica de Reactivaci\u00f3n Educativa Integral \u201cSeamos Comunidad\u201d, que tiene como objetivos desarrollar y fortalecer la lectura, la escritura y la comunicaci\u00f3n en estudiantes de distintos niveles, modalidades y espacios educativos formales y no formales, atendiendo a la diversidad de intereses, experiencias y necesidades para la formaci\u00f3n integral.&nbsp;<\/p>\n\n\n\n<p>\u201cEstamos muy satisfechos con el trabajo realizado por el equipo de la Secreduc a lo largo de nuestra regi\u00f3n. Agradecemos el aporte de los artistas, libreros, las editoriales, las instituciones gubernamentales, organizaciones de la sociedad civil y las distintas comunidades educativas. Le\u00edmos, fantaseamos y so\u00f1amos con esta Feria Literaria, que demostr\u00f3 el compromiso que tiene el gobierno del Presidente Gabriel Boric con los territorios. Ha sido una experiencia enriquecedora, que nos invita a continuar trabajando en pos de acortar las brechas de acceso al desarrollo integral de las ni\u00f1as, ni\u00f1os y j\u00f3venes de nuestro Chile\u201d, indic\u00f3 el seremi de Educaci\u00f3n, Valent\u00edn Aguilera G\u00f3mez.&nbsp;<\/p>\n\n\n\n<p><strong>Presentaci\u00f3n en Cerro Castillo&nbsp;<\/strong><\/p>\n\n\n\n<p>El jueves, una delegaci\u00f3n de la Secreduc visit\u00f3 la Escuela Rural Ram\u00f3n Serrano Montaner, ubicada en la comuna de Torres del Paine, donde el actor Juan Aro deleit\u00f3 a p\u00e1rvulos y estudiantes, de Cerro Castillo y Cerro Guido, con las historias del dinosaurio Guido, y su preocupaci\u00f3n por el medioambiente.&nbsp;&nbsp;<\/p>\n","protected":false},"excerpt":{"rendered":"<p>Despu\u00e9s de haber recorrido cielo, mar y tierra, literalmente, ayer en las dependencias del establecimiento Educacional Coronel Santiago Bueras de Puerto Natales, finaliz\u00f3 la Feria Literaria \u201cVendaval Cultural en Magallanes\u2026&#8230; <a class=\"read-more\" href=\"https:\/\/www.radiopresidenteibanez.cl\/web\/concluyo-feria-literaria-vendaval-cultural-en-magallanes\/\">Leer m\u00e1s<\/a><\/p>\n","protected":false},"author":2,"featured_media":35244,"comment_status":"closed","ping_status":"closed","sticky":false,"template":"","format":"standard","meta":{"footnotes":""},"categories":[1],"tags":[],"class_list":["post-35243","post","type-post","status-publish","format-standard","has-post-thumbnail","hentry","category-cronica"],"_links":{"self":[{"href":"https:\/\/www.radiopresidenteibanez.cl\/web\/wp-json\/wp\/v2\/posts\/35243","targetHints":{"allow":["GET"]}}],"collection":[{"href":"https:\/\/www.radiopresidenteibanez.cl\/web\/wp-json\/wp\/v2\/posts"}],"about":[{"href":"https:\/\/www.radiopresidenteibanez.cl\/web\/wp-json\/wp\/v2\/types\/post"}],"author":[{"embeddable":true,"href":"https:\/\/www.radiopresidenteibanez.cl\/web\/wp-json\/wp\/v2\/users\/2"}],"replies":[{"embeddable":true,"href":"https:\/\/www.radiopresidenteibanez.cl\/web\/wp-json\/wp\/v2\/comments?post=35243"}],"version-history":[{"count":0,"href":"https:\/\/www.radiopresidenteibanez.cl\/web\/wp-json\/wp\/v2\/posts\/35243\/revisions"}],"wp:featuredmedia":[{"embeddable":true,"href":"https:\/\/www.radiopresidenteibanez.cl\/web\/wp-json\/wp\/v2\/media\/35244"}],"wp:attachment":[{"href":"https:\/\/www.radiopresidenteibanez.cl\/web\/wp-json\/wp\/v2\/media?parent=35243"}],"wp:term":[{"taxonomy":"category","embeddable":true,"href":"https:\/\/www.radiopresidenteibanez.cl\/web\/wp-json\/wp\/v2\/categories?post=35243"},{"taxonomy":"post_tag","embeddable":true,"href":"https:\/\/www.radiopresidenteibanez.cl\/web\/wp-json\/wp\/v2\/tags?post=35243"}],"curies":[{"name":"wp","href":"https:\/\/api.w.org\/{rel}","templated":true}]}}