{"id":35240,"date":"2022-12-03T12:40:00","date_gmt":"2022-12-03T15:40:00","guid":{"rendered":"https:\/\/www.radiopresidenteibanez.cl\/web\/?p=35240"},"modified":"2022-12-02T21:58:57","modified_gmt":"2022-12-03T00:58:57","slug":"ministerio-de-economia-y-asociacion-chilena-de-municipios-firman-acuerdo-de-pyme-agil-para-facilitar-solicitudes-de-patentes-comerciales","status":"publish","type":"post","link":"https:\/\/www.radiopresidenteibanez.cl\/web\/ministerio-de-economia-y-asociacion-chilena-de-municipios-firman-acuerdo-de-pyme-agil-para-facilitar-solicitudes-de-patentes-comerciales\/","title":{"rendered":"Ministerio de Econom\u00eda y Asociaci\u00f3n Chilena de Municipios firman acuerdo de Pyme \u00c1gil para facilitar solicitudes de patentes comerciales"},"content":{"rendered":"\n<p>En el marco del evento de cierre de la Semana de la Pyme, el Ministerio de<br>Econom\u00eda, Fomento y Turismo, por medio del ministro de la cartera Nicol\u00e1s Grau; y la Asociaci\u00f3n<br>Chilena de Municipalidades, representada por su presidenta, la alcaldesa de Pe\u00f1alol\u00e9n, Carolina<br>Leitao, llevaron a cabo la firma de acuerdo para promover la iniciativa Pyme \u00c1gil, priorizada dentro<br>de la Agenda de Productividad, con el fin de acelerar y estandarizar a trav\u00e9s de un espacio<br>centralizado, la solicitud de patentes que son de responsabilidad de los municipios.<br>A trav\u00e9s de este instrumento, se pone a disposici\u00f3n de los emprendedores una soluci\u00f3n digital para<br>que puedan llevar a cabo sus peticiones de patente comercial de forma online en la plataforma<br>\u201cTuEmpresaEnUnD\u00eda\u201d, a la que se puede acceder con Clave \u00danica, en vez de hacerlo de manera<br>presencial en cada municipio. Cabe se\u00f1alar que la herramienta pas\u00f3 por un plan piloto con 27<br>municipios integrados, gestion\u00e1ndose m\u00e1s de 400 solicitudes en las que se logr\u00f3 reducir los tiempos<br>de tr\u00e1mite de 170 a 90 d\u00edas.<br>\u201cA veces uno habla con emprendedoras y emprendedores y se da cuenta que en un municipio se<br>pide una cosa, en otro se pide otra, as\u00ed que tenerlo todo en la misma plataforma nos va a permitir<br>estandarizar y agilizar estos procesos\u201d, precis\u00f3 el ministro de Econom\u00eda Nicol\u00e1s Grau. \u201cLo que hemos<br>visto en los pilotos, es que el tiempo se ha reducido en 80, 90 d\u00edas, algo muy importante que<br>queremos extender a todos los municipios, as\u00ed que agradecemos a Carolina Leitao, presidenta de la<br>Asociaci\u00f3n Chilena de Municipalidades, por estar disponibles y hacer este acuerdo\u201d, agreg\u00f3 el titular<br>de cartera.<br>La iniciativa busca reducir el porcentaje de empresas que inician actividades en el Servicio de<br>Impuestos Internos (SII) pero no tramitan su patente municipal, un paso clave para finalizar su<br>proceso de formalizaci\u00f3n.<br>En la actualidad, un bajo porcentaje de micro, peque\u00f1as y medianas empresas no concretan este<br>tr\u00e1mite (13% de las microempresas , 18 % peque\u00f1as empresas y 32 % de las grandes empresas),<br>versus el 91% de las grandes empresas, situaci\u00f3n que se puede explicar por las dificultades que<br>significaban las diferencias en los requisitos y plazos de obtenci\u00f3n de cada municipio.<br>\u201cLo que estamos suscribiendo hoy permite democratizar el acceso al desarrollo. Cuando nosotros<br>ayudamos, fomentamos y asesoramos a las pymes de nuestro territorio, permitimos que muchas<br>personas puedan seguir adelante y sacar adelante a sus familias. El hecho que como municipio<\/p>\n\n\n\n<p>podamos apoyar y hacer que esos emprendimientos se puedan formalizar de manera r\u00e1pida es muy<br>importante y clave para fortalecer nuestra econom\u00eda\u201d, expres\u00f3 la presidenta de la Asociaci\u00f3n<br>Chilena de Municipalidades, precisando que \u201ctodas aquellas pymes que quieran desarrollar una<br>actividad en cualquier comuna, pueden entrar a este sistema de Pyme \u00c1gil para que puedan obtener<br>su patente, formalizarse y as\u00ed poder postular a proyectos y obtener todos los beneficios de la<br>formalizaci\u00f3n\u201d, cerr\u00f3 la alcaldesa Leitao.<\/p>\n","protected":false},"excerpt":{"rendered":"<p>En el marco del evento de cierre de la Semana de la Pyme, el Ministerio deEconom\u00eda, Fomento y Turismo, por medio del ministro de la cartera Nicol\u00e1s Grau; y la&#8230; <a class=\"read-more\" href=\"https:\/\/www.radiopresidenteibanez.cl\/web\/ministerio-de-economia-y-asociacion-chilena-de-municipios-firman-acuerdo-de-pyme-agil-para-facilitar-solicitudes-de-patentes-comerciales\/\">Leer m\u00e1s<\/a><\/p>\n","protected":false},"author":2,"featured_media":35241,"comment_status":"closed","ping_status":"closed","sticky":false,"template":"","format":"standard","meta":{"footnotes":""},"categories":[1],"tags":[],"class_list":["post-35240","post","type-post","status-publish","format-standard","has-post-thumbnail","hentry","category-cronica"],"_links":{"self":[{"href":"https:\/\/www.radiopresidenteibanez.cl\/web\/wp-json\/wp\/v2\/posts\/35240","targetHints":{"allow":["GET"]}}],"collection":[{"href":"https:\/\/www.radiopresidenteibanez.cl\/web\/wp-json\/wp\/v2\/posts"}],"about":[{"href":"https:\/\/www.radiopresidenteibanez.cl\/web\/wp-json\/wp\/v2\/types\/post"}],"author":[{"embeddable":true,"href":"https:\/\/www.radiopresidenteibanez.cl\/web\/wp-json\/wp\/v2\/users\/2"}],"replies":[{"embeddable":true,"href":"https:\/\/www.radiopresidenteibanez.cl\/web\/wp-json\/wp\/v2\/comments?post=35240"}],"version-history":[{"count":0,"href":"https:\/\/www.radiopresidenteibanez.cl\/web\/wp-json\/wp\/v2\/posts\/35240\/revisions"}],"wp:featuredmedia":[{"embeddable":true,"href":"https:\/\/www.radiopresidenteibanez.cl\/web\/wp-json\/wp\/v2\/media\/35241"}],"wp:attachment":[{"href":"https:\/\/www.radiopresidenteibanez.cl\/web\/wp-json\/wp\/v2\/media?parent=35240"}],"wp:term":[{"taxonomy":"category","embeddable":true,"href":"https:\/\/www.radiopresidenteibanez.cl\/web\/wp-json\/wp\/v2\/categories?post=35240"},{"taxonomy":"post_tag","embeddable":true,"href":"https:\/\/www.radiopresidenteibanez.cl\/web\/wp-json\/wp\/v2\/tags?post=35240"}],"curies":[{"name":"wp","href":"https:\/\/api.w.org\/{rel}","templated":true}]}}