{"id":35231,"date":"2022-12-03T11:49:00","date_gmt":"2022-12-03T14:49:00","guid":{"rendered":"https:\/\/www.radiopresidenteibanez.cl\/web\/?p=35231"},"modified":"2022-12-02T15:54:19","modified_gmt":"2022-12-02T18:54:19","slug":"ministra-caroline-turner-sera-presidenta-de-la-corte-de-apelaciones-de-punta-arenas-el-ano-judicial-2023","status":"publish","type":"post","link":"https:\/\/www.radiopresidenteibanez.cl\/web\/ministra-caroline-turner-sera-presidenta-de-la-corte-de-apelaciones-de-punta-arenas-el-ano-judicial-2023\/","title":{"rendered":"MINISTRA CAROLINE TURNER SERA PRESIDENTA DE LA CORTE DE APELACIONES DE PUNTA ARENAS EL A\u00d1O JUDICIAL 2023"},"content":{"rendered":"\n<p>El pleno de la Corte de Apelaciones de Punta Arenas determin\u00f3 \u2013con fecha 2 de diciembre- que la<br>ministra Caroline Turner Gonz\u00e1lez ser\u00e1 la presidenta del tribunal de alzada a contar del 1 de marzo<br>pr\u00f3ximo.<br>\u201cQue el cargo de Presidenta de esta Corte de Apelaciones de Punta Arenas, ser\u00e1 ejercido a contar<br>del 01 de marzo de 2023 por la Sra. Ministra, do\u00f1a Caroline Turner Gonz\u00e1lez. Comun\u00edquese a la<br>Exca. Corte Suprema, al Sr. Ministro Visitador, a las Cortes de Apelaciones del pa\u00eds, a los Juzgados<br>de la Jurisdicci\u00f3n, a la Corporaci\u00f3n Administrativa del Poder Judicial y a las Autoridades<br>Regionales\u201d dice el acuerdo.<br>Egresada de Derecho de la Pontificia Universidad Cat\u00f3lica de Concepci\u00f3n, la ministra Turner dio<br>sus primeros pasos judiciales en Punta Arenas, su ciudad natal, como secretaria del Segundo<br>Juzgado de Letras y, posteriormente, como secretaria de la Corte de Apelaciones, la que ahora<br>presidir\u00e1.<br>En 2000 se traslad\u00f3 a La Serena, espec\u00edficamente al Tribunal de Juicio Oral en lo Penal, en el<br>contexto de la implementaci\u00f3n de la Reforma Procesal Penal, lo que asumi\u00f3 como un desaf\u00edo.<br>En mayo de 2019 fue nombrada ministra del tribunal de alzada de dicha jurisdicci\u00f3n y, un a\u00f1o<br>despu\u00e9s, asumi\u00f3 el cargo de presidenta de la Corte, con un sello en equidad de g\u00e9nero y derechos<br>humanos, adem\u00e1s de apertura a la comunidad. Actualmente, es una de las voceras nacionales<br>designada por la Corte Suprema en asuntos de g\u00e9nero.<\/p>\n","protected":false},"excerpt":{"rendered":"<p>El pleno de la Corte de Apelaciones de Punta Arenas determin\u00f3 \u2013con fecha 2 de diciembre- que laministra Caroline Turner Gonz\u00e1lez ser\u00e1 la presidenta del tribunal de alzada a contar&#8230; <a class=\"read-more\" href=\"https:\/\/www.radiopresidenteibanez.cl\/web\/ministra-caroline-turner-sera-presidenta-de-la-corte-de-apelaciones-de-punta-arenas-el-ano-judicial-2023\/\">Leer m\u00e1s<\/a><\/p>\n","protected":false},"author":2,"featured_media":35232,"comment_status":"closed","ping_status":"closed","sticky":false,"template":"","format":"standard","meta":{"footnotes":""},"categories":[1],"tags":[],"class_list":["post-35231","post","type-post","status-publish","format-standard","has-post-thumbnail","hentry","category-cronica"],"_links":{"self":[{"href":"https:\/\/www.radiopresidenteibanez.cl\/web\/wp-json\/wp\/v2\/posts\/35231","targetHints":{"allow":["GET"]}}],"collection":[{"href":"https:\/\/www.radiopresidenteibanez.cl\/web\/wp-json\/wp\/v2\/posts"}],"about":[{"href":"https:\/\/www.radiopresidenteibanez.cl\/web\/wp-json\/wp\/v2\/types\/post"}],"author":[{"embeddable":true,"href":"https:\/\/www.radiopresidenteibanez.cl\/web\/wp-json\/wp\/v2\/users\/2"}],"replies":[{"embeddable":true,"href":"https:\/\/www.radiopresidenteibanez.cl\/web\/wp-json\/wp\/v2\/comments?post=35231"}],"version-history":[{"count":0,"href":"https:\/\/www.radiopresidenteibanez.cl\/web\/wp-json\/wp\/v2\/posts\/35231\/revisions"}],"wp:featuredmedia":[{"embeddable":true,"href":"https:\/\/www.radiopresidenteibanez.cl\/web\/wp-json\/wp\/v2\/media\/35232"}],"wp:attachment":[{"href":"https:\/\/www.radiopresidenteibanez.cl\/web\/wp-json\/wp\/v2\/media?parent=35231"}],"wp:term":[{"taxonomy":"category","embeddable":true,"href":"https:\/\/www.radiopresidenteibanez.cl\/web\/wp-json\/wp\/v2\/categories?post=35231"},{"taxonomy":"post_tag","embeddable":true,"href":"https:\/\/www.radiopresidenteibanez.cl\/web\/wp-json\/wp\/v2\/tags?post=35231"}],"curies":[{"name":"wp","href":"https:\/\/api.w.org\/{rel}","templated":true}]}}