{"id":35228,"date":"2022-12-03T10:57:00","date_gmt":"2022-12-03T13:57:00","guid":{"rendered":"https:\/\/www.radiopresidenteibanez.cl\/web\/?p=35228"},"modified":"2022-12-02T15:49:21","modified_gmt":"2022-12-02T18:49:21","slug":"camara-chilena-construccion-punta-arenas-advierte-que-la-demora-en-la-modificacion-del-plan-regulador-comunal-pone-en-riesgo-ejecucion-de-mas-de-900-viviendas","status":"publish","type":"post","link":"https:\/\/www.radiopresidenteibanez.cl\/web\/camara-chilena-construccion-punta-arenas-advierte-que-la-demora-en-la-modificacion-del-plan-regulador-comunal-pone-en-riesgo-ejecucion-de-mas-de-900-viviendas\/","title":{"rendered":"CAMARA CHILENA CONSTRUCCION PUNTA ARENAS ADVIERTE QUE LA DEMORA EN LA MODIFICACION DEL PLAN REGULADOR COMUNAL PONE EN RIESGO EJECUCION DE MAS DE 900 VIVIENDAS"},"content":{"rendered":"\n<p>La C\u00e1mara Chilena de la Construcci\u00f3n (CChC) Punta Arenas expresa su preocupaci\u00f3n por la excesiva demora en el proceso de modificaci\u00f3n del Plan Regulador Comunal en lo que respecta a m\u00e1s de 400 hect\u00e1reas que fueron calificadas como \u201czonas inundables\u201d por Contralor\u00eda General de la Rep\u00fablica en diciembre de 2019.<\/p>\n\n\n\n<p>A pesar que las entidades p\u00fablicas involucradas en el instrumento de planificaci\u00f3n, como la Ilustre Municipalidad de Punta Arenas y Minvu Magallanes, han realizado un largo trabajo, que incluy\u00f3 instancias de participaci\u00f3n ciudadana y recepci\u00f3n de comentarios, reci\u00e9n en septiembre de 2022 el Gobierno Regional pudo enviar el expediente \u00abCorrecci\u00f3n de la normativa urban\u00edstica de las \u00e1reas de riesgo ARN-IL y ARN-ID del \u00e1rea urbana de la Comuna de Punta Arenas\u201d a la Contralor\u00eda General de la Rep\u00fablica.<\/p>\n\n\n\n<p>\u201cYa han pasado tres a\u00f1os desde que Contralor\u00eda emiti\u00f3 el informe y a\u00fan no hay una soluci\u00f3n a esta problem\u00e1tica. Se mantienen paralizados m\u00faltiples proyectos de edificaci\u00f3n, tanto p\u00fablicos como privados, y tambi\u00e9n proyectos de infraestructura de alto impacto social para la capital magall\u00e1nica. Adem\u00e1s, esta situaci\u00f3n pone en riesgo la entrega de numerosas viviendas sociales tan anheladas por la comunidad. A pesar de las gestiones realizadas, no se observan avances en esta enmienda que, seg\u00fan se dijo en un inicio, iba a ser muy r\u00e1pida, debido a la gravedad del asunto\u201d, indica Omar Vargas, presidente de la C\u00e1mara Chilena de la Construcci\u00f3n Punta Arenas.<\/p>\n\n\n\n<p>\u201cNos parece ins\u00f3lito que por un error de redacci\u00f3n en uno de los documentos m\u00e1s importantes de la comuna (la Ordenanza Municipal) todav\u00eda se encuentren paralizados importantes proyectos para la ciudad. Nos extra\u00f1a que en tres a\u00f1os no se ha&nbsp;podido hacer las gestiones necesarias para subsanar este error que afecta a toda la comunidad\u201d, expres\u00f3 Vargas.<\/p>\n\n\n\n<p>Algunos de los proyectos emblem\u00e1ticos de Punta Arenas que se encuentran paralizados son: Terminal de Buses, las nuevas instalaciones del INIA y el futuro cuartel de la PDI, entre otros.<\/p>\n\n\n\n<p>Cabe se\u00f1alar, que esta paralizaci\u00f3n afecta a viviendas sociales, dado que el \u201cPlan de Emergencia Habitacional 2022-2025\u201d presentado recientemente considera proyectos en suelos que hoy en d\u00eda son considerados inundables. As\u00ed, se alarga la espera de la anhelada casa propia.<\/p>\n\n\n\n<p>Hoy, sin pronunciamiento de la Contralor\u00eda, m\u00e1s de 900 soluciones habitacionales no se pueden desarrollar en Punta Arenas.<\/p>\n\n\n\n<p>Adicionalmente, con este problema del PRC de Punta Arenas en casi 1.400 predios de la ciudad (zonas como Villa Las Nieves, Terrazas del Estrecho y Bah\u00eda Catalina, entre otros) no se pueden realizar ampliaciones, regularizaciones ni emprender nuevas obras, provocando un da\u00f1o irreparable a numerosas familias que han visto truncada la opci\u00f3n de hacer crecer sus viviendas y\/o regularizarlas.<\/p>\n\n\n\n<p>\u201cEs urgente que el PRC sea modificado, que est\u00e9 en concordancia con la actual realidad de Punta Arenas y que a su vez converja en armon\u00eda con los requerimientos de la poblaci\u00f3n. Este instrumento de planificaci\u00f3n es clave para la legitimidad de las estrategias de desarrollo y las acciones sobre las ciudades y comunas que se realicen, pero es urgente actuar\u201d, asevera el presidente de la CChC regional. &nbsp;<\/p>\n\n\n\n<p>Cabe destacar que en forma paralela la licitaci\u00f3n de la modificaci\u00f3n completa del Plan Regulador Comunal de Punta Arenas se public\u00f3 en octubre de 2021 y fue declarada desierta sin oferentes.<\/p>\n\n\n\n<p>Para conocer mayor informaci\u00f3n de ambos procesos del Plan Regulador Comunal, el gremio de la construcci\u00f3n en Magallanes se reunir\u00e1 de manera urgente con el Alcalde de Punta Arenas, Sr. Claudio Radonich, el martes 6 de diciembre en la tarde en horario a confirmar.<\/p>\n","protected":false},"excerpt":{"rendered":"<p>La C\u00e1mara Chilena de la Construcci\u00f3n (CChC) Punta Arenas expresa su preocupaci\u00f3n por la excesiva demora en el proceso de modificaci\u00f3n del Plan Regulador Comunal en lo que respecta a&#8230; <a class=\"read-more\" href=\"https:\/\/www.radiopresidenteibanez.cl\/web\/camara-chilena-construccion-punta-arenas-advierte-que-la-demora-en-la-modificacion-del-plan-regulador-comunal-pone-en-riesgo-ejecucion-de-mas-de-900-viviendas\/\">Leer m\u00e1s<\/a><\/p>\n","protected":false},"author":2,"featured_media":35229,"comment_status":"closed","ping_status":"closed","sticky":false,"template":"","format":"standard","meta":{"footnotes":""},"categories":[1],"tags":[],"class_list":["post-35228","post","type-post","status-publish","format-standard","has-post-thumbnail","hentry","category-cronica"],"_links":{"self":[{"href":"https:\/\/www.radiopresidenteibanez.cl\/web\/wp-json\/wp\/v2\/posts\/35228","targetHints":{"allow":["GET"]}}],"collection":[{"href":"https:\/\/www.radiopresidenteibanez.cl\/web\/wp-json\/wp\/v2\/posts"}],"about":[{"href":"https:\/\/www.radiopresidenteibanez.cl\/web\/wp-json\/wp\/v2\/types\/post"}],"author":[{"embeddable":true,"href":"https:\/\/www.radiopresidenteibanez.cl\/web\/wp-json\/wp\/v2\/users\/2"}],"replies":[{"embeddable":true,"href":"https:\/\/www.radiopresidenteibanez.cl\/web\/wp-json\/wp\/v2\/comments?post=35228"}],"version-history":[{"count":0,"href":"https:\/\/www.radiopresidenteibanez.cl\/web\/wp-json\/wp\/v2\/posts\/35228\/revisions"}],"wp:featuredmedia":[{"embeddable":true,"href":"https:\/\/www.radiopresidenteibanez.cl\/web\/wp-json\/wp\/v2\/media\/35229"}],"wp:attachment":[{"href":"https:\/\/www.radiopresidenteibanez.cl\/web\/wp-json\/wp\/v2\/media?parent=35228"}],"wp:term":[{"taxonomy":"category","embeddable":true,"href":"https:\/\/www.radiopresidenteibanez.cl\/web\/wp-json\/wp\/v2\/categories?post=35228"},{"taxonomy":"post_tag","embeddable":true,"href":"https:\/\/www.radiopresidenteibanez.cl\/web\/wp-json\/wp\/v2\/tags?post=35228"}],"curies":[{"name":"wp","href":"https:\/\/api.w.org\/{rel}","templated":true}]}}