{"id":3522,"date":"2019-04-20T17:49:30","date_gmt":"2019-04-20T17:49:30","guid":{"rendered":"http:\/\/www.radiopresidenteibanez.cl\/web\/?p=3522"},"modified":"2019-04-20T17:49:33","modified_gmt":"2019-04-20T17:49:33","slug":"hasta-la-apartada-localidad-de-puerto-eden-llego-la-jefa-de-oficina-de-conadi-punta-arenas","status":"publish","type":"post","link":"https:\/\/www.radiopresidenteibanez.cl\/web\/hasta-la-apartada-localidad-de-puerto-eden-llego-la-jefa-de-oficina-de-conadi-punta-arenas\/","title":{"rendered":"HASTA LA APARTADA LOCALIDAD DE PUERTO ED\u00c9N LLEG\u00d3 LA JEFA DE OFICINA DE CONADI PUNTA ARENAS"},"content":{"rendered":"\n<p>A 27 horas de navegaci\u00f3n desde Puerto Natales se encuentra la apartada localidad de Puerto Ed\u00e9n, en la Regi\u00f3n de Magallanes, siendo la \u00fanica forma de transporte por el que se puede llegar hasta el territorio hist\u00f3rico del pueblo kaw\u00e9sqar, quienes desde tiempos ancestrales recorrieron en canoas estos canales australes.<\/p>\n\n\n\n<p>Actualmente son 84 las personas que habitan en Puerto Ed\u00e9n, entre quienes se cuentan 13 ni\u00f1os y ni\u00f1as del colegio, 5 en el jard\u00edn infantil y 3 beb\u00e9s, de all\u00ed la importancia del apoyo que entrega CONADI en esta zona, especialmente en lo que se refiere a mejorar la calidad de vida en esta zona extrema del pa\u00eds, y tambi\u00e9n en la conservaci\u00f3n de la lengua y cultura kaw\u00e9sqar, cuyos \u00faltimos descendientes se encentran en esta zona, a quienes se han sumado algunos mapuche-hulliche que han llegado en los \u00faltimos a\u00f1os.<\/p>\n\n\n\n<p>Hasta esta apartada localidad lleg\u00f3 la Jefa de la Oficina de Asuntos Ind\u00edgenas de CONADI en Punta Arenas, Carolina Avenda\u00f1o Hille, para concretar una visita a terreno en que sostuvo reuniones con la Asociaci\u00f3n Mapuche Huilliche, visit\u00f3 las casas de los Kaw\u00e9sqar que habitan en Puerto Ed\u00e9n, dio a conocer el concurso vigente para emprendedores y microempresarios ind\u00edgenas de la Regi\u00f3n de Magallanes e hizo un levantamiento de informaci\u00f3n, requerimientos y necesidades de las familias.<\/p>\n\n\n\n<p>\u00abEstoy agradecida de llegar hasta esta localidad tan apartada, donde se ve y se siente el esfuerzo, trabajo y sacrificio de las familias\u00bb, manifest\u00f3 Carolina Avenda\u00f1o, jefa de la oficina CONADI Punta Arenas, agregando que \u00abdesde que asum\u00ed supe de Puerto Ed\u00e9n y era un lugar que deb\u00eda visitar, llegamos hasta all\u00e1 y se ha creado un v\u00ednculo y cercan\u00eda con la gente que conf\u00eda en la gesti\u00f3n y no los vamos a defraudar\u00bb.<\/p>\n\n\n\n<p>La directora de CONADI tambi\u00e9n agradeci\u00f3 a la Gobernadora de la Provincia \u00daltima Esperanza, Ana Mar\u00eda Mayorga, quien envi\u00f3 a un profesional que apoy\u00f3 el proceso de postulaci\u00f3n, orientaci\u00f3n y apoyo para presentar los proyectos: \u00abEsta alianza viene a reafirmar nuestro compromiso de Gobierno en llegar a todos lados y que nadie quede excluido de poder postular a nuestros beneficios, pese a vivir en un lugar tan apartado\u00bb, se\u00f1al\u00f3 Avenda\u00f1o, agregando que \u00abHubo testimonios de los cu\u00e1les ya estamos haci\u00e9ndonos parte y derivando seg\u00fan corresponda para ayudar y solucionar, contamos con funcionarios comprometidos y que han viajado anteriormente, lo que nos facilita a\u00fan m\u00e1s la llegada con quienes son parte de esta bella isla (Wellington) en que se encuentra Puerto Ed\u00e9n\u00bb.<\/p>\n\n\n\n<ul class=\"wp-block-gallery columns-2 is-cropped wp-block-gallery-1 is-layout-flex wp-block-gallery-is-layout-flex\"><li class=\"blocks-gallery-item\"><figure><img loading=\"lazy\" decoding=\"async\" width=\"640\" height=\"311\" src=\"http:\/\/www.radiopresidenteibanez.cl\/web\/wp-content\/uploads\/2019\/04\/20190403_160744.jpg\" alt=\"\" data-id=\"3523\" data-link=\"http:\/\/www.radiopresidenteibanez.cl\/web\/?attachment_id=3523\" class=\"wp-image-3523\" srcset=\"https:\/\/www.radiopresidenteibanez.cl\/web\/wp-content\/uploads\/2019\/04\/20190403_160744.jpg 640w, https:\/\/www.radiopresidenteibanez.cl\/web\/wp-content\/uploads\/2019\/04\/20190403_160744-300x146.jpg 300w\" sizes=\"auto, (max-width: 640px) 100vw, 640px\" \/><\/figure><\/li><li class=\"blocks-gallery-item\"><figure><img loading=\"lazy\" decoding=\"async\" width=\"640\" height=\"311\" src=\"http:\/\/www.radiopresidenteibanez.cl\/web\/wp-content\/uploads\/2019\/04\/20190407_181356.jpg\" alt=\"\" data-id=\"3524\" data-link=\"http:\/\/www.radiopresidenteibanez.cl\/web\/?attachment_id=3524\" class=\"wp-image-3524\" srcset=\"https:\/\/www.radiopresidenteibanez.cl\/web\/wp-content\/uploads\/2019\/04\/20190407_181356.jpg 640w, https:\/\/www.radiopresidenteibanez.cl\/web\/wp-content\/uploads\/2019\/04\/20190407_181356-300x146.jpg 300w\" sizes=\"auto, (max-width: 640px) 100vw, 640px\" \/><\/figure><\/li><\/ul>\n","protected":false},"excerpt":{"rendered":"<p>A 27 horas de navegaci\u00f3n desde Puerto Natales se encuentra la apartada localidad de Puerto Ed\u00e9n, en la Regi\u00f3n de Magallanes, siendo la \u00fanica forma de transporte por el que&#8230; <a class=\"read-more\" href=\"https:\/\/www.radiopresidenteibanez.cl\/web\/hasta-la-apartada-localidad-de-puerto-eden-llego-la-jefa-de-oficina-de-conadi-punta-arenas\/\">Leer m\u00e1s<\/a><\/p>\n","protected":false},"author":2,"featured_media":3523,"comment_status":"closed","ping_status":"closed","sticky":false,"template":"","format":"standard","meta":{"footnotes":""},"categories":[1],"tags":[],"class_list":["post-3522","post","type-post","status-publish","format-standard","has-post-thumbnail","hentry","category-cronica"],"_links":{"self":[{"href":"https:\/\/www.radiopresidenteibanez.cl\/web\/wp-json\/wp\/v2\/posts\/3522","targetHints":{"allow":["GET"]}}],"collection":[{"href":"https:\/\/www.radiopresidenteibanez.cl\/web\/wp-json\/wp\/v2\/posts"}],"about":[{"href":"https:\/\/www.radiopresidenteibanez.cl\/web\/wp-json\/wp\/v2\/types\/post"}],"author":[{"embeddable":true,"href":"https:\/\/www.radiopresidenteibanez.cl\/web\/wp-json\/wp\/v2\/users\/2"}],"replies":[{"embeddable":true,"href":"https:\/\/www.radiopresidenteibanez.cl\/web\/wp-json\/wp\/v2\/comments?post=3522"}],"version-history":[{"count":0,"href":"https:\/\/www.radiopresidenteibanez.cl\/web\/wp-json\/wp\/v2\/posts\/3522\/revisions"}],"wp:featuredmedia":[{"embeddable":true,"href":"https:\/\/www.radiopresidenteibanez.cl\/web\/wp-json\/wp\/v2\/media\/3523"}],"wp:attachment":[{"href":"https:\/\/www.radiopresidenteibanez.cl\/web\/wp-json\/wp\/v2\/media?parent=3522"}],"wp:term":[{"taxonomy":"category","embeddable":true,"href":"https:\/\/www.radiopresidenteibanez.cl\/web\/wp-json\/wp\/v2\/categories?post=3522"},{"taxonomy":"post_tag","embeddable":true,"href":"https:\/\/www.radiopresidenteibanez.cl\/web\/wp-json\/wp\/v2\/tags?post=3522"}],"curies":[{"name":"wp","href":"https:\/\/api.w.org\/{rel}","templated":true}]}}