{"id":35217,"date":"2022-12-03T09:43:00","date_gmt":"2022-12-03T12:43:00","guid":{"rendered":"https:\/\/www.radiopresidenteibanez.cl\/web\/?p=35217"},"modified":"2022-12-02T12:01:52","modified_gmt":"2022-12-02T15:01:52","slug":"el-miercoles-7-de-diciembre-se-enciende-el-arbol-de-navidad-de-punta-arenas","status":"publish","type":"post","link":"https:\/\/www.radiopresidenteibanez.cl\/web\/el-miercoles-7-de-diciembre-se-enciende-el-arbol-de-navidad-de-punta-arenas\/","title":{"rendered":"EL MIERCOLES 7 DE DICIEMBRE SE ENCIENDE EL ARBOL DE NAVIDAD DE PUNTA ARENAS"},"content":{"rendered":"\n<p>A partir de las 21:00 horas del pr\u00f3ximo mi\u00e9rcoles 7 de diciembre se invita a la comunidad<br>a la Ceremonia de Encendido del \u00e1rbol de Navidad de Punta Arenas, a un costado del<br>monumento al Ovejero. Villancicos, chocolate caliente y galletas ser\u00e1n la antesala para<br>iluminar la estructura de 12 metros.<br>Este a\u00f1o, en los minutos previos al encendido del \u00e1rbol de navidad el municipio local<br>presentar\u00e1 a sus elencos encabezados por el Coro del Teatro Municipal, dirigido por<br>Joshua Obilinovic y la Orquesta Latinoamericana, dirigida por V\u00edctor V\u00e9liz.<br>Hace 18 a\u00f1os que la Empresa El\u00e9ctrica de Magallanes parti\u00f3 con esta tradici\u00f3n que inicia<br>las fiestas navide\u00f1as, y que se vio interrumpida con la pandemia, pero que a partir de este<br>a\u00f1o se retoma en el bandej\u00f3n central de Av. Bulnes.<br>La estructura utiliza en su ornamentaci\u00f3n luces led de \u00faltima tecnolog\u00eda, que contribuyen<br>al ahorro y eficiencia energ\u00e9tica, disminuyendo considerablemente el consumo de energ\u00eda<br>el\u00e9ctrica, junto con dotar de una luminosidad espectacular al \u00e1rbol de navidad.<br>Esta actividad tambi\u00e9n se lleva a cabo en Puerto Natales, Porvenir, Puerto Williams y<br>Cerro Castillo.<\/p>\n","protected":false},"excerpt":{"rendered":"<p>A partir de las 21:00 horas del pr\u00f3ximo mi\u00e9rcoles 7 de diciembre se invita a la comunidada la Ceremonia de Encendido del \u00e1rbol de Navidad de Punta Arenas, a un&#8230; <a class=\"read-more\" href=\"https:\/\/www.radiopresidenteibanez.cl\/web\/el-miercoles-7-de-diciembre-se-enciende-el-arbol-de-navidad-de-punta-arenas\/\">Leer m\u00e1s<\/a><\/p>\n","protected":false},"author":2,"featured_media":35218,"comment_status":"closed","ping_status":"closed","sticky":false,"template":"","format":"standard","meta":{"footnotes":""},"categories":[1],"tags":[],"class_list":["post-35217","post","type-post","status-publish","format-standard","has-post-thumbnail","hentry","category-cronica"],"_links":{"self":[{"href":"https:\/\/www.radiopresidenteibanez.cl\/web\/wp-json\/wp\/v2\/posts\/35217","targetHints":{"allow":["GET"]}}],"collection":[{"href":"https:\/\/www.radiopresidenteibanez.cl\/web\/wp-json\/wp\/v2\/posts"}],"about":[{"href":"https:\/\/www.radiopresidenteibanez.cl\/web\/wp-json\/wp\/v2\/types\/post"}],"author":[{"embeddable":true,"href":"https:\/\/www.radiopresidenteibanez.cl\/web\/wp-json\/wp\/v2\/users\/2"}],"replies":[{"embeddable":true,"href":"https:\/\/www.radiopresidenteibanez.cl\/web\/wp-json\/wp\/v2\/comments?post=35217"}],"version-history":[{"count":0,"href":"https:\/\/www.radiopresidenteibanez.cl\/web\/wp-json\/wp\/v2\/posts\/35217\/revisions"}],"wp:featuredmedia":[{"embeddable":true,"href":"https:\/\/www.radiopresidenteibanez.cl\/web\/wp-json\/wp\/v2\/media\/35218"}],"wp:attachment":[{"href":"https:\/\/www.radiopresidenteibanez.cl\/web\/wp-json\/wp\/v2\/media?parent=35217"}],"wp:term":[{"taxonomy":"category","embeddable":true,"href":"https:\/\/www.radiopresidenteibanez.cl\/web\/wp-json\/wp\/v2\/categories?post=35217"},{"taxonomy":"post_tag","embeddable":true,"href":"https:\/\/www.radiopresidenteibanez.cl\/web\/wp-json\/wp\/v2\/tags?post=35217"}],"curies":[{"name":"wp","href":"https:\/\/api.w.org\/{rel}","templated":true}]}}