{"id":35205,"date":"2022-12-02T12:34:00","date_gmt":"2022-12-02T15:34:00","guid":{"rendered":"https:\/\/www.radiopresidenteibanez.cl\/web\/?p=35205"},"modified":"2022-12-02T09:03:41","modified_gmt":"2022-12-02T12:03:41","slug":"secretaria-de-gobierno-realizo-en-magallanes-primer-dialogo-descentralizado-en-materia-de-participacion-ciudadana","status":"publish","type":"post","link":"https:\/\/www.radiopresidenteibanez.cl\/web\/secretaria-de-gobierno-realizo-en-magallanes-primer-dialogo-descentralizado-en-materia-de-participacion-ciudadana\/","title":{"rendered":"SECRETARIA DE GOBIERNO REALIZO EN MAGALLANES  PRIMER DIALOGO DESCENTRALIZADO EN MATERIA DE PARTICIPACION CIUDADANA"},"content":{"rendered":"\n<p>Con el objetivo de continuar con el trabajo de descentralizaci\u00f3n, la Unidad de Coordinaci\u00f3n y Gesti\u00f3n Territorial de la Divisi\u00f3n de Organizaciones Sociales, dependiente del Ministerio Secretar\u00eda General de Gobierno, y en colaboraci\u00f3n con la Subsecretar\u00eda de Desarrollo Regional \u2013 SUBDERE, inici\u00f3 las Jornadas Regionales de Di\u00e1logos con Cosoc (Consejo de la Sociedad Civil).<\/p>\n\n\n\n<p>Estas instancias nacionales de conversaci\u00f3n con integrantes&nbsp; de los Consejos regionales, tienen como objetivo conversar sobre los mecanismos de participaci\u00f3n ciudadana de la Ley 20.500, el Instructivo Presidencial de Participaci\u00f3n en la Gesti\u00f3n P\u00fablica y la Ley de Pr\u00f3rroga de Vigencias.<\/p>\n\n\n\n<p>A nivel nacional, estos di\u00e1logos descentralizados se llevar\u00e1n a cabo de manera telem\u00e1tica entre los d\u00edas 16 de noviembre y 15 de diciembre, con convocatorias enfocadas en zonas geogr\u00e1ficas. Fue as\u00ed como el d\u00eda mi\u00e9rcoles 30 de noviembre a las 18.30 horas por la plataforma Meet se realiz\u00f3 la primera instancia de Di\u00e1logo en la Regi\u00f3n de Magallanes y Ays\u00e9n.<\/p>\n\n\n\n<p>La seremi de Gobierno(s), Alejandra Ruiz, quien tambi\u00e9n acompa\u00f1\u00f3 en esta instancia a las organizaciones sociales, asegur\u00f3 que para el Gobierno del Presidente Gabriel Boric, la participaci\u00f3n&nbsp; de las organizaciones magall\u00e1nicas es muy importante, ya que siempre hemos defendido la idea de robustecer &nbsp;la participaci\u00f3n de la sociedad civil, pilar fundamental para el fortalecimiento de la democracia y la elaboraci\u00f3n de las pol\u00edticas p\u00fablicas.<\/p>\n\n\n\n<p>La encargada de la Divisi\u00f3n de Organizaciones Sociales (DOS) en Magallanes, Jessica Bengoa sostuvo que en esta oportunidad, el Di\u00e1logo cont\u00f3 con una convocatoria zonal entre la regi\u00f3n de Magallanes y Ays\u00e9n, y donde tambi\u00e9n se aprovech\u00f3 la oportunidad para responder algunas preguntas relacionadas con participaci\u00f3n de organizaciones sociales, conocer el estado de conformaci\u00f3n de los COSOC y recoger experiencias sobre la implementaci\u00f3n de la Ley en distintas realidades.<\/p>\n\n\n\n<p>El 31 de diciembre se vence la vigencia de los directorios de personas jur\u00eddicas sin fines de lucro. Por lo que la seremi de Gobierno (s) recuerda a todas las organizaciones&nbsp; sociales que es importante que cumplan con esta tarea, de esta forma no tendr\u00e1n problemas para&nbsp; postular a todos los apoyos del estado durante el 2023, y seguir realizando su labor de facilitadores entre los gobiernos locales y la ciudadan\u00eda.<\/p>\n","protected":false},"excerpt":{"rendered":"<p>Con el objetivo de continuar con el trabajo de descentralizaci\u00f3n, la Unidad de Coordinaci\u00f3n y Gesti\u00f3n Territorial de la Divisi\u00f3n de Organizaciones Sociales, dependiente del Ministerio Secretar\u00eda General de Gobierno,&#8230; <a class=\"read-more\" href=\"https:\/\/www.radiopresidenteibanez.cl\/web\/secretaria-de-gobierno-realizo-en-magallanes-primer-dialogo-descentralizado-en-materia-de-participacion-ciudadana\/\">Leer m\u00e1s<\/a><\/p>\n","protected":false},"author":2,"featured_media":35178,"comment_status":"closed","ping_status":"closed","sticky":false,"template":"","format":"standard","meta":{"footnotes":""},"categories":[1],"tags":[],"class_list":["post-35205","post","type-post","status-publish","format-standard","has-post-thumbnail","hentry","category-cronica"],"_links":{"self":[{"href":"https:\/\/www.radiopresidenteibanez.cl\/web\/wp-json\/wp\/v2\/posts\/35205","targetHints":{"allow":["GET"]}}],"collection":[{"href":"https:\/\/www.radiopresidenteibanez.cl\/web\/wp-json\/wp\/v2\/posts"}],"about":[{"href":"https:\/\/www.radiopresidenteibanez.cl\/web\/wp-json\/wp\/v2\/types\/post"}],"author":[{"embeddable":true,"href":"https:\/\/www.radiopresidenteibanez.cl\/web\/wp-json\/wp\/v2\/users\/2"}],"replies":[{"embeddable":true,"href":"https:\/\/www.radiopresidenteibanez.cl\/web\/wp-json\/wp\/v2\/comments?post=35205"}],"version-history":[{"count":0,"href":"https:\/\/www.radiopresidenteibanez.cl\/web\/wp-json\/wp\/v2\/posts\/35205\/revisions"}],"wp:featuredmedia":[{"embeddable":true,"href":"https:\/\/www.radiopresidenteibanez.cl\/web\/wp-json\/wp\/v2\/media\/35178"}],"wp:attachment":[{"href":"https:\/\/www.radiopresidenteibanez.cl\/web\/wp-json\/wp\/v2\/media?parent=35205"}],"wp:term":[{"taxonomy":"category","embeddable":true,"href":"https:\/\/www.radiopresidenteibanez.cl\/web\/wp-json\/wp\/v2\/categories?post=35205"},{"taxonomy":"post_tag","embeddable":true,"href":"https:\/\/www.radiopresidenteibanez.cl\/web\/wp-json\/wp\/v2\/tags?post=35205"}],"curies":[{"name":"wp","href":"https:\/\/api.w.org\/{rel}","templated":true}]}}