{"id":35202,"date":"2022-12-02T11:44:00","date_gmt":"2022-12-02T14:44:00","guid":{"rendered":"https:\/\/www.radiopresidenteibanez.cl\/web\/?p=35202"},"modified":"2022-12-02T08:48:27","modified_gmt":"2022-12-02T11:48:27","slug":"con-feria-educativa-y-operativos-de-test-rapido-para-poblacion-joven-sector-salud-magallanes-conmemoro-el-dia-mundial-del-vih-sida","status":"publish","type":"post","link":"https:\/\/www.radiopresidenteibanez.cl\/web\/con-feria-educativa-y-operativos-de-test-rapido-para-poblacion-joven-sector-salud-magallanes-conmemoro-el-dia-mundial-del-vih-sida\/","title":{"rendered":"CON FERIA EDUCATIVA Y OPERATIVOS DE TEST RAPIDO PARA POBLACION JOVEN SECTOR SALUD MAGALLANES CONMEMORO EL DIA MUNDIAL DEL VIH\/SIDA\u00a0\u00a0"},"content":{"rendered":"\n<p>Bajo el lema \u201cNuestro Desaf\u00edo: Construir diversidad, avanzar en igualdad y poner fin al Sida\u201d, este 1 de diciembre se conmemor\u00f3 el D\u00eda Mundial en Respuesta al VIH\/SIDA en un acto central en Inacap que cont\u00f3 con la presencia de diversas autoridades y equipos de salud.<\/p>\n\n\n\n<p>Paralelamente a este acto, los estudiantes de T\u00e9cnico Superior en Enfermer\u00eda desarrollaron una feria educativa con diversos stands, adem\u00e1s de la toma de test r\u00e1pido de VIH a la comunidad educativa.&nbsp;<\/p>\n\n\n\n<p>La Rectora de Inacap, Laura \u00c1lvarez, entreg\u00f3 un mensaje de bienvenida, resaltando el compromiso de la instituci\u00f3n educativa con la prevenci\u00f3n y con el trabajo en tem\u00e1ticas tan sensibles como en VIH. Tambi\u00e9n se dirigieron a los presentes la SEREMI de Salud, Francisca Sanfuentes, la matrona y referente del Servicio de Salud, Lorena Riquelme, el Infect\u00f3logo Dr. Rodrigo Mu\u00f1oz y el tecn\u00f3logo m\u00e9dico, Dr. Gustavo Leal, ambos del Hospital Cl\u00ednico de Magallanes (HCM).<\/p>\n\n\n\n<p>La Seremi de Salud de Magallanes, Dra. &nbsp;Francisca Sanfuentes, explic\u00f3 que \u201choy estamos realizando esta actividad de prevenci\u00f3n del VIH que consiste en distintas acciones de comunicaci\u00f3n y difusi\u00f3n a la poblaci\u00f3n y en especial a la comunidad educativa de Inacap, a quienes agradecemos el ser anfitri\u00f3n de esta actividad, en la que tambi\u00e9n participan el Hospital Cl\u00ednico Magallanes con su equipo de VIH, Servicio de Salud y Seremi. Es muy importante recalcar este d\u00eda y este tipo de actividades, porque la prevenci\u00f3n del VIH y el acceso a la detecci\u00f3n y tratamiento precoz es una de las prioridades que tenemos como Ministerio de Salud, sobre todo porque tiene un componente de equidad en el acceso muy importante. Agradecemos y creemos que es muy relevante que este trabajo no solo sea de salud, sino de todos los sectores, y esta actividad es una muestra de eso\u201d.<\/p>\n\n\n\n<p>Agreg\u00f3 que \u201clos centros de educaci\u00f3n superior concentran una gran cantidad de personas j\u00f3venes, los cuales es muy importante que manejen toda esta informaci\u00f3n y adopten las medidas de prevenci\u00f3n frente al VIH y las ITS, adem\u00e1s que puedan acceder de manera r\u00e1pida al testeo. Por otra parte, tambi\u00e9n sabemos que aqu\u00ed en Inacap y en otros centros de educaci\u00f3n superior se forman los futuros profesionales de la salud, que van a tener un rol fundamental en esta tarea m\u00e1s adelante\u201d.<\/p>\n\n\n\n<p>La Seremi de Gobierno (S) Alejandra Ruiz manifest\u00f3 que \u201cse ha avanzado en esta tem\u00e1tica y el Gobierno est\u00e1 dando especial \u00e9nfasis para que podamos tener estos test r\u00e1pidos de VIH y atenci\u00f3n priorizada en salud. Felicitamos esta iniciativa en una comunidad educativa, donde podemos llegar con esta informaci\u00f3n al m\u00e1ximo de la comunidad y a los j\u00f3venes. El llamado es a tener conductas sexuales seguras, el uso de preservativo y a realizarse el test r\u00e1pido\u201d.<\/p>\n\n\n\n<p>En esta jornada de conmemoraci\u00f3n se efectuaron cincuenta test r\u00e1pidos de VIH a estudiantes, principalmente, a los cuales se suma lo m\u00e1s de 130 ex\u00e1menes que se realizaron en la Universidad de Magallanes esta semana.<\/p>\n\n\n\n<p>Respecto a la situaci\u00f3n epidemiol\u00f3gica, la Directora (S) del Hospital Cl\u00ednico, Dra. Mar\u00eda Isabel&nbsp; Iduya, explic\u00f3 que \u201cNosotros tenemos en el hospital alrededor de 400 personas bajo control y desde el a\u00f1o 2018 al 2021 se han diagnosticado 250 nuevos casos. En el hospital cl\u00ednico nosotros disponemos de un equipo multidisciplinario que da el tratamiento a los pacientes, no solamente desde el punto de vista de sus medicamentos, sino que el apoyo. Tenemos matronas, qu\u00edmico farmac\u00e9utico, psic\u00f3logo y adem\u00e1s nuestros infect\u00f3logos e inmun\u00f3logos\u201d<\/p>\n\n\n\n<p>El Director (S) del Servicio de Salud Magallanes, Ricardo Moya, indic\u00f3 que \u201cdesde redes asistenciales y desde nuestra instituci\u00f3n se invita a la comunidad a acercarse a los centros de salud para realizarse en forma gratuita el test r\u00e1pido de VIH, independiente de su previsi\u00f3n\u201d.<\/p>\n\n\n\n<p>Al 31 de octubre del presente a\u00f1o se han notificado 20 casos de VIH en la regi\u00f3n, 16 hombres y 4 mujeres. Durante el 2022 y despu\u00e9s de dos a\u00f1os de pandemia, se han retomado la realizaci\u00f3n de operativos territoriales para entregar una alternativa m\u00e1s cercana a la poblaci\u00f3n.<\/p>\n\n\n\n<p>El infect\u00f3logo del Hospital Cl\u00ednico Magallanes, Dr. Rodrigo Mu\u00f1oz, manifest\u00f3 que \u201cel VIH es de las enfermedades en que, si t\u00fa no sales a buscar pacientes, la gente no se testea y lo hace por diagn\u00f3stico, y cuando hacemos diagn\u00f3stico en personas que est\u00e1n muy enfermas, probablemente, ya llegamos tarde en el sentido que esa persona va a tener problemas asociados de salud y adem\u00e1s, puede haber contagiado a m\u00e1s personas\u201d.&nbsp; Agreg\u00f3 que la importancia de esto es conmemorar y poner en la luz p\u00fablica que la enfermedad sigue estando presente, hay que testearse, es una enfermedad a la que no hay que tenerle miedo, puntualiz\u00f3.<\/p>\n\n\n\n<p>Respecto al acceso, Gustavo Leal, tecn\u00f3logo m\u00e9dico de la secci\u00f3n de virolog\u00eda del HCM, se\u00f1al\u00f3 que el recinto cl\u00ednico es el \u00fanico centro a nivel regional que atiende VIH, por lo que se hacen controles y seguimiento del paciente y su estado de salud. \u201cCuando el paciente sale positivo, ellos se controlan con nosotros el resto de su vida a no ser que quiera un cambio de establecimiento\u201d.<\/p>\n\n\n\n<p>Durante la tarde del jueves, el equipo del Cecosf Sandra Vargas coordin\u00f3 en el Mall Espacio Urbano Pionero una Feria Educativa, en la cual participaron los alumnos y alumnas de la especialidad de enfermer\u00eda del Liceo Polivalente Sara Braun, las matronas del Cesfam Dr. Mateo Bencur y el equipo de la SEREMI en compa\u00f1\u00eda del corp\u00f3reo Condonito. En la oportunidad se distribuyeron preservativos, masculinos y femeninos con consejer\u00eda previa, adem\u00e1s de la toma de test r\u00e1pido de VIH.<\/p>\n\n\n\n<p>Constanza Bravo de la SEREMI de Salud, como encargada del Programa de VIH, se\u00f1al\u00f3 que durante este a\u00f1o que se retomaron lo operativos territoriales y que los test r\u00e1pidos aplicados superan la cifra de 1.200 el 2022. A su vez, este a\u00f1o se han incorporado 4 nuevos centros de distribuci\u00f3n de preservativos, 3 de los cuales se encuentran situados en la ciudad de Porvenir. De esta forma Magallanes cuenta con 22 de dichos centros.<\/p>\n","protected":false},"excerpt":{"rendered":"<p>Bajo el lema \u201cNuestro Desaf\u00edo: Construir diversidad, avanzar en igualdad y poner fin al Sida\u201d, este 1 de diciembre se conmemor\u00f3 el D\u00eda Mundial en Respuesta al VIH\/SIDA en un&#8230; <a class=\"read-more\" href=\"https:\/\/www.radiopresidenteibanez.cl\/web\/con-feria-educativa-y-operativos-de-test-rapido-para-poblacion-joven-sector-salud-magallanes-conmemoro-el-dia-mundial-del-vih-sida\/\">Leer m\u00e1s<\/a><\/p>\n","protected":false},"author":2,"featured_media":35203,"comment_status":"closed","ping_status":"closed","sticky":false,"template":"","format":"standard","meta":{"footnotes":""},"categories":[1],"tags":[],"class_list":["post-35202","post","type-post","status-publish","format-standard","has-post-thumbnail","hentry","category-cronica"],"_links":{"self":[{"href":"https:\/\/www.radiopresidenteibanez.cl\/web\/wp-json\/wp\/v2\/posts\/35202","targetHints":{"allow":["GET"]}}],"collection":[{"href":"https:\/\/www.radiopresidenteibanez.cl\/web\/wp-json\/wp\/v2\/posts"}],"about":[{"href":"https:\/\/www.radiopresidenteibanez.cl\/web\/wp-json\/wp\/v2\/types\/post"}],"author":[{"embeddable":true,"href":"https:\/\/www.radiopresidenteibanez.cl\/web\/wp-json\/wp\/v2\/users\/2"}],"replies":[{"embeddable":true,"href":"https:\/\/www.radiopresidenteibanez.cl\/web\/wp-json\/wp\/v2\/comments?post=35202"}],"version-history":[{"count":0,"href":"https:\/\/www.radiopresidenteibanez.cl\/web\/wp-json\/wp\/v2\/posts\/35202\/revisions"}],"wp:featuredmedia":[{"embeddable":true,"href":"https:\/\/www.radiopresidenteibanez.cl\/web\/wp-json\/wp\/v2\/media\/35203"}],"wp:attachment":[{"href":"https:\/\/www.radiopresidenteibanez.cl\/web\/wp-json\/wp\/v2\/media?parent=35202"}],"wp:term":[{"taxonomy":"category","embeddable":true,"href":"https:\/\/www.radiopresidenteibanez.cl\/web\/wp-json\/wp\/v2\/categories?post=35202"},{"taxonomy":"post_tag","embeddable":true,"href":"https:\/\/www.radiopresidenteibanez.cl\/web\/wp-json\/wp\/v2\/tags?post=35202"}],"curies":[{"name":"wp","href":"https:\/\/api.w.org\/{rel}","templated":true}]}}