{"id":3519,"date":"2019-04-20T17:40:27","date_gmt":"2019-04-20T17:40:27","guid":{"rendered":"http:\/\/www.radiopresidenteibanez.cl\/web\/?p=3519"},"modified":"2019-04-20T17:40:40","modified_gmt":"2019-04-20T17:40:40","slug":"una-voz-un-nombre-daniel-ruiz-oyarzo","status":"publish","type":"post","link":"https:\/\/www.radiopresidenteibanez.cl\/web\/una-voz-un-nombre-daniel-ruiz-oyarzo\/","title":{"rendered":"\u00abUNA VOZ&#8230;UN NOMBRE: DANIEL RUIZ OYARZO\u00bb"},"content":{"rendered":"\n<p>Este s\u00e1bado 20 de Abril se cumplen 13 a\u00f1os de la partida del destacado locutor y comunicador social magall\u00e1nico DANIEL RUIZ OYARZO, quien falleciera el 20 de Abril de 2006 v\u00edctima de c\u00e1ncer.A partir de las 15 hrs. habr\u00e1 una edici\u00f3n especial del programa \u00abEl \u00faltimo tren a casa\u00bb que produce en Radio Presidente Ib\u00e1\u00f1ez el Colectivo Aczi\u00f3n Kultural y que conduce Pedro Guichapany. Esta edici\u00f3n estar\u00e1 dedicada al locutor recordando registros con su voz, con los poemas de Pablo Neruda interpretados por Daniel Ruiz, adem\u00e1s de la participaci\u00f3n de H\u00e9ctor Altamirano Figueroa, quien fuera radiocontrolador- productor de Radio Universidad de la Frontera de Temuco, quien contar\u00e1 c\u00f3mo fueron los primeros pasos hacia los futuros discos \u00abEternamente Neruda\u00bb\u00a0 y\u00a0 \u00abNeruda Rom\u00e1ntico\u00bb donde la poes\u00eda de amor del vate chileno es interpretada por el destacado locutor. <br>Daniel Ruiz Oyarzo falleci\u00f3 el 20 de abril de 2006 y desde ese momento el Colectivo Acci\u00f3n Kultural, la familia y amigos no han cesado en mantener vivo el legado del comunicador magall\u00e1nico, quien en vida recibi\u00f3 innumerables reconocimientos como personaje radial, medalla Pablo Neruda, personalidad destacada de la comuna entre otros.<br>El \u201cNegro\u201d Ruiz, hizo su aporte al dial de las radioemisoras no s\u00f3lo magall\u00e1nicas sino que de otras ciudades de nuestro pa\u00eds y tambi\u00e9n en otros pa\u00edses. Su interpretaci\u00f3n de la poes\u00eda de Neruda recorri\u00f3 innumerables escenarios regionales nacionales y de Latinoam\u00e9rica. Su compromiso pol\u00edtico y militancia en el Partido Comunista desde los 14 a\u00f1os le cost\u00f3 pasar por los campos de concentraci\u00f3n de la dictadura c\u00edvico militar chilena, incluida Isla Dawson.<br>Sus familiares, amigos compa\u00f1eros de trabajo y todo aquel que pudo compartir su mesa, recuerda con nostalgia las habilidades culinarias de Ruiz, que junto a su hospitalidad, hac\u00edan de su casa el lugar perfecto para interminables tertulias.<br>Estuvo tambi\u00e9n siempre muy ligado al mundo de la cultura, aportando con su trabajo y experiencia en esta \u00e1rea tambi\u00e9n.<\/p>\n\n\n\n<p>\u00a0 \u00a0 \u00a0 \u00a0 \u00a0 \u00a0 \u00a0 \u00a0 \u00a0 \u00a0 \u00a0 \u00a0 \u00a0 \u00a0 LA BIBLIA de VOX DEI en\u00a0 EL \u00daLTIMO TREN A CASA<br>Este viernes a las 19 hrs. en el programa \u00abEl \u00faltimo tren a casa\u00bb se mostrar\u00e1 \u00edntegramente la \u00f3pera rock \u00abLA BIBLIA\u00bb del grupo argentino \u00abVOX DEI\u00bb.<br>El disco del grupo VOX DEI \u00abLa Biblia\u00bb fue lanzado en 1971 y es considerado un hito del rock en espa\u00f1ol y una de las primeras \u00f3peras rock en castellano.\u00a0<br>Radio Presidente Ib\u00e1\u00f1ez:<br>&#8211; 88.5 FM Punta Arenas y Porvenir- 94.3 FM Puerto Natales- Canal 38 Tv Red Premium-\u00a0<a rel=\"noreferrer noopener\" href=\"http:\/\/www.radiopresidenteibanez.cl\/\" target=\"_blank\">www.radiopresidenteibanez.cl<\/a><\/p>\n\n\n\n<figure class=\"wp-block-image\"><img loading=\"lazy\" decoding=\"async\" width=\"615\" height=\"480\" src=\"http:\/\/www.radiopresidenteibanez.cl\/web\/wp-content\/uploads\/2019\/04\/negro-2.jpg\" alt=\"\" class=\"wp-image-3520\" srcset=\"https:\/\/www.radiopresidenteibanez.cl\/web\/wp-content\/uploads\/2019\/04\/negro-2.jpg 615w, https:\/\/www.radiopresidenteibanez.cl\/web\/wp-content\/uploads\/2019\/04\/negro-2-300x234.jpg 300w\" sizes=\"auto, (max-width: 615px) 100vw, 615px\" \/><\/figure>\n","protected":false},"excerpt":{"rendered":"<p>Este s\u00e1bado 20 de Abril se cumplen 13 a\u00f1os de la partida del destacado locutor y comunicador social magall\u00e1nico DANIEL RUIZ OYARZO, quien falleciera el 20 de Abril de 2006&#8230; <a class=\"read-more\" href=\"https:\/\/www.radiopresidenteibanez.cl\/web\/una-voz-un-nombre-daniel-ruiz-oyarzo\/\">Leer m\u00e1s<\/a><\/p>\n","protected":false},"author":2,"featured_media":3520,"comment_status":"closed","ping_status":"closed","sticky":false,"template":"","format":"standard","meta":{"footnotes":""},"categories":[1],"tags":[],"class_list":["post-3519","post","type-post","status-publish","format-standard","has-post-thumbnail","hentry","category-cronica"],"_links":{"self":[{"href":"https:\/\/www.radiopresidenteibanez.cl\/web\/wp-json\/wp\/v2\/posts\/3519","targetHints":{"allow":["GET"]}}],"collection":[{"href":"https:\/\/www.radiopresidenteibanez.cl\/web\/wp-json\/wp\/v2\/posts"}],"about":[{"href":"https:\/\/www.radiopresidenteibanez.cl\/web\/wp-json\/wp\/v2\/types\/post"}],"author":[{"embeddable":true,"href":"https:\/\/www.radiopresidenteibanez.cl\/web\/wp-json\/wp\/v2\/users\/2"}],"replies":[{"embeddable":true,"href":"https:\/\/www.radiopresidenteibanez.cl\/web\/wp-json\/wp\/v2\/comments?post=3519"}],"version-history":[{"count":0,"href":"https:\/\/www.radiopresidenteibanez.cl\/web\/wp-json\/wp\/v2\/posts\/3519\/revisions"}],"wp:featuredmedia":[{"embeddable":true,"href":"https:\/\/www.radiopresidenteibanez.cl\/web\/wp-json\/wp\/v2\/media\/3520"}],"wp:attachment":[{"href":"https:\/\/www.radiopresidenteibanez.cl\/web\/wp-json\/wp\/v2\/media?parent=3519"}],"wp:term":[{"taxonomy":"category","embeddable":true,"href":"https:\/\/www.radiopresidenteibanez.cl\/web\/wp-json\/wp\/v2\/categories?post=3519"},{"taxonomy":"post_tag","embeddable":true,"href":"https:\/\/www.radiopresidenteibanez.cl\/web\/wp-json\/wp\/v2\/tags?post=3519"}],"curies":[{"name":"wp","href":"https:\/\/api.w.org\/{rel}","templated":true}]}}