{"id":35187,"date":"2022-12-01T18:41:00","date_gmt":"2022-12-01T21:41:00","guid":{"rendered":"https:\/\/www.radiopresidenteibanez.cl\/web\/?p=35187"},"modified":"2022-12-01T15:58:36","modified_gmt":"2022-12-01T18:58:36","slug":"cuatro-magallanicas-son-distinguidas-con-el-premio-mujer-emprende-2022","status":"publish","type":"post","link":"https:\/\/www.radiopresidenteibanez.cl\/web\/cuatro-magallanicas-son-distinguidas-con-el-premio-mujer-emprende-2022\/","title":{"rendered":"CUATRO MAGALLANICAS SON DISTINGUIDAS CON EL PREMIO MUJER EMPRENDE 2022"},"content":{"rendered":"\n<p>Lograron constituir sus negocios pese a las barreras de g\u00e9nero y este mi\u00e9rcoles fueron reconocidas por su esfuerzo y dedicaci\u00f3n. En dependencias de ZonAustral y en el marco de la semana de las peque\u00f1as y medianas empresas, el Servicio Nacional de la Mujer y la Equidad de G\u00e9nero -SernamEG Magallanes-, encabezado por su directora regional Fabiola Garc\u00eda Pinto, y BancoEstado Microempresas, representando por el subgerente regional Mois\u00e9s Medel Flores, llevaron a cabo la ceremonia de distinci\u00f3n de cuatro emprendedoras locales que se destacaron en las categor\u00edas de Mujer y Medio Ambiente, Mujer Ciencia y Tecnolog\u00eda, &nbsp;Mujer Emprendimiento Joven, y Mujer e Innovaci\u00f3n.<\/p>\n\n\n\n<p>La actividad, en la cual tambi\u00e9n particip\u00f3 la SEREMI de la Mujer y la Equidad de G\u00e9nero, &nbsp;Alejandra Ruiz Ovando y la Directora Regional (s) de Sercotec Magallanes Natasha Alarc\u00f3n, premi\u00f3 en la categor\u00eda <strong>Mujer y Medioambiente<\/strong> a la emprendedora <strong>Karla Barr\u00eda D\u00edaz<\/strong> por su muebler\u00eda ecol\u00f3gica <strong>Le Pallet<\/strong>, la cual crea enseres a trav\u00e9s del pallet en desuso. \u201cLa primera barrera fue ser joven, comenc\u00e9 con 22 a\u00f1os y llevo 6 a\u00f1os ya en este oficio\u201d, detall\u00f3 Karla quien relata adem\u00e1s c\u00f3mo ha sido trabajar en un rubro hist\u00f3ricamente masculinizado: \u201cCuando voy a entregar muebles o conocer a mis clientes nunca se dirigen a m\u00ed, si no que van donde mi pareja o al caballero del transporte y es ah\u00ed cuando tengo que explicar que yo realizo el dise\u00f1o y los muebles. O simplemente cuando estoy en una ferreter\u00eda y llego con overol y me preguntan qu\u00e9 realizo. Pero siempre trato de explicar y darme a conocer por mi trabajo y mis proyectos.&nbsp; Soy una persona muy perseverante y motivada y demuestro que mi labor es igual de buena que la de un hombre, incluso creo hacerlo mejor solo por el hecho de tener una delicadeza en crear algo o al momento de entender mejor la decoraci\u00f3n que desean tener en su hogar\u201d.<\/p>\n\n\n\n<p><strong>Instagram: <\/strong><a href=\"http:\/\/www.instagram.com\/lepallet\">www.instagram.com\/lepallet<\/a><\/p>\n\n\n\n<p>En la categor\u00eda <strong>Mujer e Innovaci\u00f3n<\/strong> la distinguida fue <strong>Paulina Vera Prieto<\/strong> con su negocio <strong>Lactagonia<\/strong>: \u201cDecid\u00ed emprender porque mi experiencia como mam\u00e1 de dos hijos con la lactancia materna no fue de las mejores. Tuve grietas, mucho dolor, mastitis. Todo esto me generaba mucho estr\u00e9s y cansancio, hasta me cuestion\u00e9 si seguir con la lactancia, porque ten\u00eda poca informaci\u00f3n y cuando busqu\u00e9 ayuda profesional no fue muy efectiva. Despu\u00e9s de un tiempo, me di cuenta que si yo como enfermera me capacitaba en Lactancia Materna, podr\u00eda ayudar a las mam\u00e1s en sus lactancias, y poder generar lactancias m\u00e1s placenteras y m\u00e1s prolongadas, teniendo en cuenta, adem\u00e1s, que en Punta Arenas exist\u00eda poca oferta de mercado. As\u00ed nace Lactagonia\u201d, relat\u00f3 Paulina quien actualmente ofrece asesor\u00edas, talleres, productos de embarazo y lactancia, y la elaboraci\u00f3n de <em>guatitas <\/em>de yeso. \u201cTodo esto est\u00e1 perfectamente combinado con mi profesi\u00f3n, ya que conozco la red asistencial, pudiendo orientar a las mam\u00e1s y familias de mejor manera seg\u00fan sus necesidades. Adem\u00e1s cuento con capacitaci\u00f3n a nivel internacional, como Asesora de Lactancia, un postgrado a nivel experto en Lactancia Materna, y actualmente en formaci\u00f3n en Lactancias M\u00faltiples\u201d, a\u00f1adi\u00f3 la profesional.<\/p>\n\n\n\n<p><strong>Instagram:<\/strong> <a href=\"https:\/\/www.instagram.com\/lactagonia\/\">https:\/\/www.instagram.com\/lactagonia\/<\/a><\/p>\n\n\n\n<p>En la categor\u00eda <strong>Mujer, Ciencia y Tecnolog\u00eda<\/strong>, la ganadora fue <strong>Lorena Vera Prieto<\/strong>, con su negocio <strong>ConectArte PUQ<\/strong>, dedicado a impartir talleres dirigidos a familias para reforzar el v\u00ednculo entre madres, padres e infancias. \u201cSoy mam\u00e1 de tres ni\u00f1os, y educadora de p\u00e1rvulos, por lo tanto, temas de crianza y educaci\u00f3n, rondan mi diario vivir. Al nacer mi tercer beb\u00e9 el a\u00f1o 2018 me di cuenta que no hab\u00eda espacios educativos que potencien el v\u00ednculo entre ni\u00f1os y padres, m\u00e1s bien al contrario, el sistema est\u00e1 para trabajar y dejar a los ni\u00f1os en un espacio educativo. Es as\u00ed como nace ConectArte, el arte de conectar entre ni\u00f1os y padres, y empec\u00e9 a generar talleres familiares, a trav\u00e9s de una experiencia educativa ligada a la m\u00fasica, el movimiento, al aire libre, charlas para madres o padres, masajes para beb\u00e9s, y diferentes estrategias para lograr el objetivo de vivir un momento educativo familiar. Ahora que tengo mucho m\u00e1s conocimiento (formaci\u00f3n profesional como Gu\u00eda Montessori) sent\u00ed la necesidad de armar un espacio educativo, para que este conocimiento llegue a muchos ni\u00f1os y familias, y podamos vivenciar un aprendizaje respetuoso con la infancia, donde la observaci\u00f3n de los procesos educativos sea el inicio para que ni\u00f1os y ni\u00f1as disfruten del conocimiento, y se estimulen a seguir despertando el inter\u00e9s por aprender\u201d.<\/p>\n\n\n\n<p><strong>Instagram:<\/strong> <a href=\"https:\/\/www.instagram.com\/conectartepuq\/\">https:\/\/www.instagram.com\/conectartepuq\/<\/a><\/p>\n\n\n\n<p>Finalmente en el \u00e1rea de <strong>Mujer y Emprendimiento Joven<\/strong>, la panadera y pastelera <strong>Greis Krumel Urra<\/strong> de 24 a\u00f1os se llev\u00f3 el galard\u00f3n con su negocio <strong>Krumeland Pasteler\u00eda Vegana<\/strong>. \u201cMi emprendimiento nace al ver la inexistente oferta en productos veganos establecidos, y la necesidad de obtener productos de panader\u00eda y pasteler\u00eda para &nbsp;personas veganas, vegetarianas o con alergias alimentarias (leche, huevo, lactosa, soya, etc.). Es \u00fanico, y lo puedo decir con toda seguridad, porque soy vegana hace 9 a\u00f1os y toda la vida viviendo en esta ciudad me dej\u00f3 con una necesidad tan grande de obtener productos veganos, que yo misma decid\u00ed ofrecer una opci\u00f3n por la inexistente oferta. Me dedico especialmente a que las cosas veganas no sean solo algo \u2018saludable\u2019 sino tambi\u00e9n algo delicioso y especial. Ofrezco mucha variedad porque no solo me interesa vender, sino que tambi\u00e9n soy parte de mi propio mercado, me gusta la pasteler\u00eda y disfrutar de los momentos que generan compartir, por ejemplo, una once en familia sin tener que restringirse porque nada es apto en la mesa. Entiendo la necesidad porque tambi\u00e9n la viv\u00ed muchos a\u00f1os, y no solo la entiendo sino que la pude abarcar muy bien en estos dos a\u00f1os\u201d, explic\u00f3 Greis quien a sus 24 a\u00f1os ya cuenta adem\u00e1s de su tienda virtual, una tienda f\u00edsica en calle Jos\u00e9 Joaqu\u00edn P\u00e9rez #04312 de Punta Arenas, donde ofrece tartas, postres de tiramis\u00fa, y dulcer\u00eda de todo tipo.<\/p>\n\n\n\n<p><strong>Instagram:<\/strong> <a href=\"https:\/\/www.instagram.com\/krumelandveganfood\/\">https:\/\/www.instagram.com\/krumelandveganfood\/<\/a><\/p>\n\n\n\n<p>Finalmente, la directora del SernamEG Magallanes Fabiola Garc\u00eda Pinto, resalt\u00f3 las casi 60 postulaciones que se efectuaron en esta segunda versi\u00f3n del premio -que se efect\u00faa en el marco del D\u00eda Internacional de la Mujer Emprendedora que se conmemora cada 19 de noviembre- y destac\u00f3 a las mujeres distinguidas por vencer brechas de g\u00e9nero: \u201cMuchas nos cuentan c\u00f3mo ha sido abrirse en rubros hist\u00f3ricamente masculinos, de lograr equilibrar el emprendimiento con trabajos dom\u00e9sticos y de cuidados que en su mayor\u00eda recae en las mujeres, pero&nbsp; tambi\u00e9n las brechas generacionales y econ\u00f3micas que han debido atravesar. Y junto con buscar visibilizar los negocios de las premiadas esperamos que esto tambi\u00e9n concientice sobre la necesidad de facilitar y apoyar el emprendimiento femenino\u201d.<\/p>\n","protected":false},"excerpt":{"rendered":"<p>Lograron constituir sus negocios pese a las barreras de g\u00e9nero y este mi\u00e9rcoles fueron reconocidas por su esfuerzo y dedicaci\u00f3n. En dependencias de ZonAustral y en el marco de la&#8230; <a class=\"read-more\" href=\"https:\/\/www.radiopresidenteibanez.cl\/web\/cuatro-magallanicas-son-distinguidas-con-el-premio-mujer-emprende-2022\/\">Leer m\u00e1s<\/a><\/p>\n","protected":false},"author":2,"featured_media":35188,"comment_status":"closed","ping_status":"closed","sticky":false,"template":"","format":"standard","meta":{"footnotes":""},"categories":[1],"tags":[],"class_list":["post-35187","post","type-post","status-publish","format-standard","has-post-thumbnail","hentry","category-cronica"],"_links":{"self":[{"href":"https:\/\/www.radiopresidenteibanez.cl\/web\/wp-json\/wp\/v2\/posts\/35187","targetHints":{"allow":["GET"]}}],"collection":[{"href":"https:\/\/www.radiopresidenteibanez.cl\/web\/wp-json\/wp\/v2\/posts"}],"about":[{"href":"https:\/\/www.radiopresidenteibanez.cl\/web\/wp-json\/wp\/v2\/types\/post"}],"author":[{"embeddable":true,"href":"https:\/\/www.radiopresidenteibanez.cl\/web\/wp-json\/wp\/v2\/users\/2"}],"replies":[{"embeddable":true,"href":"https:\/\/www.radiopresidenteibanez.cl\/web\/wp-json\/wp\/v2\/comments?post=35187"}],"version-history":[{"count":0,"href":"https:\/\/www.radiopresidenteibanez.cl\/web\/wp-json\/wp\/v2\/posts\/35187\/revisions"}],"wp:featuredmedia":[{"embeddable":true,"href":"https:\/\/www.radiopresidenteibanez.cl\/web\/wp-json\/wp\/v2\/media\/35188"}],"wp:attachment":[{"href":"https:\/\/www.radiopresidenteibanez.cl\/web\/wp-json\/wp\/v2\/media?parent=35187"}],"wp:term":[{"taxonomy":"category","embeddable":true,"href":"https:\/\/www.radiopresidenteibanez.cl\/web\/wp-json\/wp\/v2\/categories?post=35187"},{"taxonomy":"post_tag","embeddable":true,"href":"https:\/\/www.radiopresidenteibanez.cl\/web\/wp-json\/wp\/v2\/tags?post=35187"}],"curies":[{"name":"wp","href":"https:\/\/api.w.org\/{rel}","templated":true}]}}