{"id":35163,"date":"2022-12-01T11:07:00","date_gmt":"2022-12-01T14:07:00","guid":{"rendered":"https:\/\/www.radiopresidenteibanez.cl\/web\/?p=35163"},"modified":"2022-12-01T08:50:19","modified_gmt":"2022-12-01T11:50:19","slug":"gasco-magallanes-realizo-charla-a-estudiantes-de-instalaciones-sanitarias-del-liceo-industrial","status":"publish","type":"post","link":"https:\/\/www.radiopresidenteibanez.cl\/web\/gasco-magallanes-realizo-charla-a-estudiantes-de-instalaciones-sanitarias-del-liceo-industrial\/","title":{"rendered":"GASCO MAGALLANES REALIZO CHARLA A ESTUDIANTES DE INSTALACIONES SANITARIAS DEL LICEO INDUSTRIAL"},"content":{"rendered":"\n<p>Con el prop\u00f3sito de brindar informaci\u00f3n t\u00e9cnica, un equipo de colaboradores de GASCO Magallanes brind\u00f3 una charla a estudiantes del \u00e1rea de Instalaciones Sanitarias del Liceo Industrial Armando Quezada Acharan, actividad coordinada por la Fundaci\u00f3n Canales.<\/p>\n\n\n\n<p>Pedro Martin, Gerente de Operaciones de la empresa distribuidora de Gas Natural y Gas Licuado, explic\u00f3 que, en esta actividad te\u00f3rica y demostrativa, que se desarroll\u00f3 el mi\u00e9rcoles 30 de noviembre en la biblioteca del establecimiento educacional, \u201cnos acompa\u00f1an trabajadores de la empresa que son egresados del Liceo Industrial lo que nos parece importante para que los estudiantes se motiven a\u00fan m\u00e1s .\u201d<\/p>\n\n\n\n<p>En tanto, Michael Estay, Jefe de la especialidad de Instalaciones Sanitarias del Liceo Industrial de Punta Arenas, indic\u00f3 que el prop\u00f3sito de la charla \u201ces que nuestros estudiantes sepan como GASCO trabaja en sus operaciones fuera de las viviendas, en las matrices, c\u00f3mo llega el gas a nuestras casa.\u201d<\/p>\n\n\n\n<p>Finalmente, Alejandro Acevedo, Coordinador de Proyectos de ONG Canales, destac\u00f3 la actividad se\u00f1alando que \u201cbuscamos siempre contar con relatos de un egresado de la educaci\u00f3n media t\u00e9cnico- profesional\u201d al mismo tiempo que \u201clos muchachos que van a hacer pr\u00e1cticas a estos lugares (como GASCO Magallanes) tengan un aprendizaje y desarrollo significativo respecto lo que est\u00e1n viendo en sus planes de estudio.\u201d<\/p>\n","protected":false},"excerpt":{"rendered":"<p>Con el prop\u00f3sito de brindar informaci\u00f3n t\u00e9cnica, un equipo de colaboradores de GASCO Magallanes brind\u00f3 una charla a estudiantes del \u00e1rea de Instalaciones Sanitarias del Liceo Industrial Armando Quezada Acharan,&#8230; <a class=\"read-more\" href=\"https:\/\/www.radiopresidenteibanez.cl\/web\/gasco-magallanes-realizo-charla-a-estudiantes-de-instalaciones-sanitarias-del-liceo-industrial\/\">Leer m\u00e1s<\/a><\/p>\n","protected":false},"author":2,"featured_media":35164,"comment_status":"closed","ping_status":"closed","sticky":false,"template":"","format":"standard","meta":{"footnotes":""},"categories":[1],"tags":[],"class_list":["post-35163","post","type-post","status-publish","format-standard","has-post-thumbnail","hentry","category-cronica"],"_links":{"self":[{"href":"https:\/\/www.radiopresidenteibanez.cl\/web\/wp-json\/wp\/v2\/posts\/35163","targetHints":{"allow":["GET"]}}],"collection":[{"href":"https:\/\/www.radiopresidenteibanez.cl\/web\/wp-json\/wp\/v2\/posts"}],"about":[{"href":"https:\/\/www.radiopresidenteibanez.cl\/web\/wp-json\/wp\/v2\/types\/post"}],"author":[{"embeddable":true,"href":"https:\/\/www.radiopresidenteibanez.cl\/web\/wp-json\/wp\/v2\/users\/2"}],"replies":[{"embeddable":true,"href":"https:\/\/www.radiopresidenteibanez.cl\/web\/wp-json\/wp\/v2\/comments?post=35163"}],"version-history":[{"count":0,"href":"https:\/\/www.radiopresidenteibanez.cl\/web\/wp-json\/wp\/v2\/posts\/35163\/revisions"}],"wp:featuredmedia":[{"embeddable":true,"href":"https:\/\/www.radiopresidenteibanez.cl\/web\/wp-json\/wp\/v2\/media\/35164"}],"wp:attachment":[{"href":"https:\/\/www.radiopresidenteibanez.cl\/web\/wp-json\/wp\/v2\/media?parent=35163"}],"wp:term":[{"taxonomy":"category","embeddable":true,"href":"https:\/\/www.radiopresidenteibanez.cl\/web\/wp-json\/wp\/v2\/categories?post=35163"},{"taxonomy":"post_tag","embeddable":true,"href":"https:\/\/www.radiopresidenteibanez.cl\/web\/wp-json\/wp\/v2\/tags?post=35163"}],"curies":[{"name":"wp","href":"https:\/\/api.w.org\/{rel}","templated":true}]}}