{"id":35157,"date":"2022-12-01T09:31:00","date_gmt":"2022-12-01T12:31:00","guid":{"rendered":"https:\/\/www.radiopresidenteibanez.cl\/web\/?p=35157"},"modified":"2022-12-01T08:23:37","modified_gmt":"2022-12-01T11:23:37","slug":"mas-de-50-jovenes-participaron-del-ultimo-encuentro-de-estudiantes-del-ano-en-el-centro-deportivo-lenadura","status":"publish","type":"post","link":"https:\/\/www.radiopresidenteibanez.cl\/web\/mas-de-50-jovenes-participaron-del-ultimo-encuentro-de-estudiantes-del-ano-en-el-centro-deportivo-lenadura\/","title":{"rendered":"MAS DE 50 JOVENES PARTICIPARON DEL ULTIMO ENCUENTRO DE ESTUDIANTES DEL A\u00d1O EN EL CENTRO DEPORTIVO LE\u00d1ADURA"},"content":{"rendered":"\n<p>Con el objetivo de trabajar la importancia del autocuidado y de conocer las expectativas de los j\u00f3venes para el 2023, se llev\u00f3 a cabo el \u00faltimo Encuentro de L\u00edderes Estudiantiles organizado por el Municipio de Punta Arenas, a trav\u00e9s de la Unidad de Infancia y Juventud, de la Direcci\u00f3n de Desarrollo Comunitario.<br>La instancia tuvo lugar en el Centro Deportivo y Recreativo Le\u00f1adura, y durante la jornada los estudiantes tuvieron espacios de trabajo y se les entreg\u00f3 un reconocimiento por su participaci\u00f3n en los diferentes encuentros del a\u00f1o.<br>En este encuentro en espec\u00edfico, las actividades estuvieron enfocadas en la importancia del autocuidado con el objetivo de que los estudiantes puedan identificar que estas actividades, deportes o hobbies son esenciales para vivir en armon\u00eda y bienestar.<br>Cabe recordar que los encuentros de l\u00edderes estudiantiles se realizaron con el objetivo de ubicar a los participantes como sujetos sociales con la capacidad de expresar sus opiniones y decisiones en los asuntos que les competen a la comunidad, adem\u00e1s de colaborar, aportar y cooperar en el progreso com\u00fan.<\/p>\n","protected":false},"excerpt":{"rendered":"<p>Con el objetivo de trabajar la importancia del autocuidado y de conocer las expectativas de los j\u00f3venes para el 2023, se llev\u00f3 a cabo el \u00faltimo Encuentro de L\u00edderes Estudiantiles&#8230; <a class=\"read-more\" href=\"https:\/\/www.radiopresidenteibanez.cl\/web\/mas-de-50-jovenes-participaron-del-ultimo-encuentro-de-estudiantes-del-ano-en-el-centro-deportivo-lenadura\/\">Leer m\u00e1s<\/a><\/p>\n","protected":false},"author":2,"featured_media":35158,"comment_status":"closed","ping_status":"closed","sticky":false,"template":"","format":"standard","meta":{"footnotes":""},"categories":[1],"tags":[],"class_list":["post-35157","post","type-post","status-publish","format-standard","has-post-thumbnail","hentry","category-cronica"],"_links":{"self":[{"href":"https:\/\/www.radiopresidenteibanez.cl\/web\/wp-json\/wp\/v2\/posts\/35157","targetHints":{"allow":["GET"]}}],"collection":[{"href":"https:\/\/www.radiopresidenteibanez.cl\/web\/wp-json\/wp\/v2\/posts"}],"about":[{"href":"https:\/\/www.radiopresidenteibanez.cl\/web\/wp-json\/wp\/v2\/types\/post"}],"author":[{"embeddable":true,"href":"https:\/\/www.radiopresidenteibanez.cl\/web\/wp-json\/wp\/v2\/users\/2"}],"replies":[{"embeddable":true,"href":"https:\/\/www.radiopresidenteibanez.cl\/web\/wp-json\/wp\/v2\/comments?post=35157"}],"version-history":[{"count":0,"href":"https:\/\/www.radiopresidenteibanez.cl\/web\/wp-json\/wp\/v2\/posts\/35157\/revisions"}],"wp:featuredmedia":[{"embeddable":true,"href":"https:\/\/www.radiopresidenteibanez.cl\/web\/wp-json\/wp\/v2\/media\/35158"}],"wp:attachment":[{"href":"https:\/\/www.radiopresidenteibanez.cl\/web\/wp-json\/wp\/v2\/media?parent=35157"}],"wp:term":[{"taxonomy":"category","embeddable":true,"href":"https:\/\/www.radiopresidenteibanez.cl\/web\/wp-json\/wp\/v2\/categories?post=35157"},{"taxonomy":"post_tag","embeddable":true,"href":"https:\/\/www.radiopresidenteibanez.cl\/web\/wp-json\/wp\/v2\/tags?post=35157"}],"curies":[{"name":"wp","href":"https:\/\/api.w.org\/{rel}","templated":true}]}}