{"id":35123,"date":"2022-11-30T10:17:00","date_gmt":"2022-11-30T13:17:00","guid":{"rendered":"https:\/\/www.radiopresidenteibanez.cl\/web\/?p=35123"},"modified":"2022-11-30T09:45:59","modified_gmt":"2022-11-30T12:45:59","slug":"194-familias-recibieron-sus-viviendas-sin-deuda-en-los-conjuntos-habitacionales-natales-oriente-2-y-3","status":"publish","type":"post","link":"https:\/\/www.radiopresidenteibanez.cl\/web\/194-familias-recibieron-sus-viviendas-sin-deuda-en-los-conjuntos-habitacionales-natales-oriente-2-y-3\/","title":{"rendered":"194 FAMILIAS RECIBIERON SUS VIVIENDAS SIN DEUDA EN LOS CONJUNTOS HABITACIONALES NATALES ORIENTE 2 y 3\u00a0"},"content":{"rendered":"\n<p>El esperado corte de cinta se efectu\u00f3 el mediod\u00eda de este martes, junto con la entrega de las llaves de sus viviendas a 81 integrantes de la Agrupaci\u00f3n Brisas del Mar. Mientras que la entrega de llaves para los 113 integrantes de la agrupaci\u00f3n Sol del Pac\u00edfico se realiz\u00f3 a primera hora de la tarde.&nbsp;<\/p>\n\n\n\n<p>El&nbsp;<strong>Seremi de Vivienda y Urbanismo, Marco Uribe Saldivia<\/strong>&nbsp;se\u00f1al\u00f3&nbsp;<strong>\u201cEstamos muy contentos de llegar a la comuna de Natales, ya que estamos trabajando en descentralizar la gesti\u00f3n, en ese sentido el Plan de Emergencia Habitacional nos entrega herramientas para llegar a las distintas provincias de la Regi\u00f3n y seguir entregando soluciones habitacionales dignas, focalizadas en las familias y pr\u00f3ximamente en febrero efectuar una nueva entrega de viviendas en esta comuna\u201d.&nbsp;<\/strong><\/p>\n\n\n\n<p>Los proyectos Natales Oriente Etapas 2 y 3, fueron desarrollados por la Entidad Patrocinante del Serviu en un terreno de 43 hect\u00e1reas ubicado en Avenida Espa\u00f1a. Las viviendas poseen tres tipolog\u00edas: 169 unidades de 65 mt2 distribuidos en dos niveles, 22 casas de 45 mt2 de un piso destinadas a adultos mayores y personas con discapacidad y 3 viviendas de 65 mt2 de 1 piso destinadas a personas que presentan movilidad reducida. Todas las casas se encuentran equipadas con artefactos sanitarios en ba\u00f1o y cocina, calefont y calefactor a gas.&nbsp;<\/p>\n\n\n\n<p>La&nbsp;<strong>directora regional del Serviu, Mar\u00eda Luz Gajardo Salazar<\/strong>, inform\u00f3&nbsp;<strong>\u201cEntre las viviendas que se entregan hoy y las que se iniciaron ayer contamos casi 440 viviendas, con montos de inversi\u00f3n que superan los 28 mil millones de pesos en ambas obras lo que es una alegr\u00eda para nuestro Ministerio, con el apoyo del Gobierno Regional y la confianza de las familias. Sabemos que a veces se presentan dificultades, pero esas dificultades se enfrentan mejor en conjunto\u201d.&nbsp;<\/strong><\/p>\n\n\n\n<p>En representaci\u00f3n de las familias, la&nbsp;<strong>presidenta de la agrupaci\u00f3n Brisas del Mar,<\/strong>&nbsp;<strong>Nancy Fa\u00fandez Vel\u00e1squez<\/strong>, rese\u00f1\u00f3 con emoci\u00f3n las diferentes etapas que sortearon sus integrantes, asesoradas por la Entidad Patrocinante del Serviu en \u00daltima Esperanza, obteniendo los correspondientes subsidios el a\u00f1o 2017.&nbsp;<\/p>\n","protected":false},"excerpt":{"rendered":"<p>El esperado corte de cinta se efectu\u00f3 el mediod\u00eda de este martes, junto con la entrega de las llaves de sus viviendas a 81 integrantes de la Agrupaci\u00f3n Brisas del&#8230; <a class=\"read-more\" href=\"https:\/\/www.radiopresidenteibanez.cl\/web\/194-familias-recibieron-sus-viviendas-sin-deuda-en-los-conjuntos-habitacionales-natales-oriente-2-y-3\/\">Leer m\u00e1s<\/a><\/p>\n","protected":false},"author":2,"featured_media":35124,"comment_status":"closed","ping_status":"closed","sticky":false,"template":"","format":"standard","meta":{"footnotes":""},"categories":[1],"tags":[],"class_list":["post-35123","post","type-post","status-publish","format-standard","has-post-thumbnail","hentry","category-cronica"],"_links":{"self":[{"href":"https:\/\/www.radiopresidenteibanez.cl\/web\/wp-json\/wp\/v2\/posts\/35123","targetHints":{"allow":["GET"]}}],"collection":[{"href":"https:\/\/www.radiopresidenteibanez.cl\/web\/wp-json\/wp\/v2\/posts"}],"about":[{"href":"https:\/\/www.radiopresidenteibanez.cl\/web\/wp-json\/wp\/v2\/types\/post"}],"author":[{"embeddable":true,"href":"https:\/\/www.radiopresidenteibanez.cl\/web\/wp-json\/wp\/v2\/users\/2"}],"replies":[{"embeddable":true,"href":"https:\/\/www.radiopresidenteibanez.cl\/web\/wp-json\/wp\/v2\/comments?post=35123"}],"version-history":[{"count":0,"href":"https:\/\/www.radiopresidenteibanez.cl\/web\/wp-json\/wp\/v2\/posts\/35123\/revisions"}],"wp:featuredmedia":[{"embeddable":true,"href":"https:\/\/www.radiopresidenteibanez.cl\/web\/wp-json\/wp\/v2\/media\/35124"}],"wp:attachment":[{"href":"https:\/\/www.radiopresidenteibanez.cl\/web\/wp-json\/wp\/v2\/media?parent=35123"}],"wp:term":[{"taxonomy":"category","embeddable":true,"href":"https:\/\/www.radiopresidenteibanez.cl\/web\/wp-json\/wp\/v2\/categories?post=35123"},{"taxonomy":"post_tag","embeddable":true,"href":"https:\/\/www.radiopresidenteibanez.cl\/web\/wp-json\/wp\/v2\/tags?post=35123"}],"curies":[{"name":"wp","href":"https:\/\/api.w.org\/{rel}","templated":true}]}}