{"id":35117,"date":"2022-11-30T08:27:00","date_gmt":"2022-11-30T11:27:00","guid":{"rendered":"https:\/\/www.radiopresidenteibanez.cl\/web\/?p=35117"},"modified":"2022-11-30T08:17:21","modified_gmt":"2022-11-30T11:17:21","slug":"con-gran-asistencia-de-publico-se-presento-en-porvenir-la-pelicula-cacique-mulato-la-leyenda-de-chumjaluwun","status":"publish","type":"post","link":"https:\/\/www.radiopresidenteibanez.cl\/web\/con-gran-asistencia-de-publico-se-presento-en-porvenir-la-pelicula-cacique-mulato-la-leyenda-de-chumjaluwun\/","title":{"rendered":"CON GRAN ASISTENCIA DE PUBLICO SE PRESENTO EN PORVENIR LA PELICULA \u201cCACIQUE MULATO LA LEYENDA DE CHUMJALUWUN\u201d"},"content":{"rendered":"\n<p>En el teatro cinema de la comuna de Porvenir, cine pionero de la cinematograf\u00eda chilena se<br>estren\u00f3 el Martes 29 de noviembre a las 20.00 horas, la pel\u00edcula \u201cCacique Mulato La<br>Leyenda de Chumjaluwun\u201d del realizador magall\u00e1nico Jorge Grez Leuqu\u00e9n, d\u00eda que<br>coincidi\u00f3 con la celebraci\u00f3n del d\u00eda del chileno.<br>La presentaci\u00f3n congreg\u00f3 a una gran cantidad de espectadores que pr\u00e1cticamente repletaron<br>las aposentadur\u00edas de la peque\u00f1a sala de cine y en las que se encontraban presentes las<br>principales autoridades de la provincia encabezadas por la delegada presidencial provincial<br>Karim Fierro, junto a Diego Garc\u00eda seremi de las culturas las artes y el patrimonio de la<br>regi\u00f3n de Magallanes y Ant\u00e1rtica Chilena.<br>La cinta protagonizada por el experimentado actor magall\u00e1nico Mauricio Bahamondes en el<br>papel protag\u00f3nico del cacique mulato y un gran elenco de actores, relata los primeros a\u00f1os<br>de la colonizaci\u00f3n de los territorios patag\u00f3nicos, sin duda es una producci\u00f3n de gran nivel<br>que todo magall\u00e1nico tiene que ver y que al momento se encuentra haciendo una itinerancia<br>por distintas comunas de la regi\u00f3n, el d\u00eda mi\u00e9rcoles 30 de noviembre ser\u00e1 el turno de la<br>comuna de primavera en el cine de Cerro Sombrero.<br>El equipo de gente que est\u00e1 colaborando con la realizaci\u00f3n asciende a casi a las 200<br>personas desde el a\u00f1o 2016, que fue cuando parti\u00f3 la escritura del gui\u00f3n. Las locaciones, en<br>tanto, abarcan vastos espacios naturales de la Patagonia y tambi\u00e9n edificios patrimoniales<br>de la ciudad de Punta Arenas.<br>La producci\u00f3n cinematogr\u00e1fica magall\u00e1nica cuenta con el financiamiento del Gobierno<br>Regional, el Ministerio Secretar\u00eda General de Gobierno y el Ministerio de las Culturas, las<br>Artes y el Patrimonio.<br>Continuando el recorrido, la pel\u00edcula llegar\u00e1 el 05 de diciembre a Cabo de Hornos, el 07 a<br>Laguna Blanca y el 12 culmina en Punta Arenas. En Puerto Williams, la exhibici\u00f3n se<br>llevar\u00e1 a cabo en el Museo Mart\u00edn Gusinde a las 19.30 horas; en Villa Tehuelches, en el<br>Galp\u00f3n de Esquila de la Cooperativa Cacique Mulato a las 10.00 horas; y, por \u00faltimo, en la<br>capital regional, en los salones del Casino Dreams a las 20.00 horas.<br>El estreno oficial de esta producci\u00f3n cinematogr\u00e1fica est\u00e1 contemplada para el mes de<br>enero de 2023 en la sala estrella de Punta Arenas y posteriormente en Puerto Natales.<br>Luego de la presentaci\u00f3n de la pel\u00edcula se produjo un conversatorio donde los espectadores<br>entregaron sus apreciaciones y felicitaciones a los realizadores de tan extraordinaria<br>producci\u00f3n.<\/p>\n","protected":false},"excerpt":{"rendered":"<p>En el teatro cinema de la comuna de Porvenir, cine pionero de la cinematograf\u00eda chilena seestren\u00f3 el Martes 29 de noviembre a las 20.00 horas, la pel\u00edcula \u201cCacique Mulato LaLeyenda&#8230; <a class=\"read-more\" href=\"https:\/\/www.radiopresidenteibanez.cl\/web\/con-gran-asistencia-de-publico-se-presento-en-porvenir-la-pelicula-cacique-mulato-la-leyenda-de-chumjaluwun\/\">Leer m\u00e1s<\/a><\/p>\n","protected":false},"author":2,"featured_media":35118,"comment_status":"closed","ping_status":"closed","sticky":false,"template":"","format":"standard","meta":{"footnotes":""},"categories":[1],"tags":[],"class_list":["post-35117","post","type-post","status-publish","format-standard","has-post-thumbnail","hentry","category-cronica"],"_links":{"self":[{"href":"https:\/\/www.radiopresidenteibanez.cl\/web\/wp-json\/wp\/v2\/posts\/35117","targetHints":{"allow":["GET"]}}],"collection":[{"href":"https:\/\/www.radiopresidenteibanez.cl\/web\/wp-json\/wp\/v2\/posts"}],"about":[{"href":"https:\/\/www.radiopresidenteibanez.cl\/web\/wp-json\/wp\/v2\/types\/post"}],"author":[{"embeddable":true,"href":"https:\/\/www.radiopresidenteibanez.cl\/web\/wp-json\/wp\/v2\/users\/2"}],"replies":[{"embeddable":true,"href":"https:\/\/www.radiopresidenteibanez.cl\/web\/wp-json\/wp\/v2\/comments?post=35117"}],"version-history":[{"count":0,"href":"https:\/\/www.radiopresidenteibanez.cl\/web\/wp-json\/wp\/v2\/posts\/35117\/revisions"}],"wp:featuredmedia":[{"embeddable":true,"href":"https:\/\/www.radiopresidenteibanez.cl\/web\/wp-json\/wp\/v2\/media\/35118"}],"wp:attachment":[{"href":"https:\/\/www.radiopresidenteibanez.cl\/web\/wp-json\/wp\/v2\/media?parent=35117"}],"wp:term":[{"taxonomy":"category","embeddable":true,"href":"https:\/\/www.radiopresidenteibanez.cl\/web\/wp-json\/wp\/v2\/categories?post=35117"},{"taxonomy":"post_tag","embeddable":true,"href":"https:\/\/www.radiopresidenteibanez.cl\/web\/wp-json\/wp\/v2\/tags?post=35117"}],"curies":[{"name":"wp","href":"https:\/\/api.w.org\/{rel}","templated":true}]}}