{"id":35114,"date":"2022-11-29T19:50:00","date_gmt":"2022-11-29T22:50:00","guid":{"rendered":"https:\/\/www.radiopresidenteibanez.cl\/web\/?p=35114"},"modified":"2022-11-29T16:04:32","modified_gmt":"2022-11-29T19:04:32","slug":"musico-nicolas-formoso-estreno-album-musical-en-vivo-en-la-universidad-de-magallanes","status":"publish","type":"post","link":"https:\/\/www.radiopresidenteibanez.cl\/web\/musico-nicolas-formoso-estreno-album-musical-en-vivo-en-la-universidad-de-magallanes\/","title":{"rendered":"MUSICO NICOLAS FORMOSO ESTRENO ALBUM MUSICAL EN VIVO EN LA UNIVERSIDAD DE MAGALLANES"},"content":{"rendered":"\n<p>El pasado viernes 25 de noviembre, en el auditorio Ernesto Livacic del Edificio de Ingenier\u00eda y Ciencias de la Universidad de Magallanes, el docente de Ingl\u00e9s de la UMAG, Nicol\u00e1s Formoso realiz\u00f3 la presentaci\u00f3n del \u00e1lbum \u201cWWM -Original Motion Picture Soundtrack-\u201d. Este trabajo discogr\u00e1fico est\u00e1 basado en los textos del libro WWM (2020) de autor\u00eda del poeta Christian Formoso con un formato de \u00abroad movie\u00bb (pel\u00edcula de carreteras o de \u201cbanda sonora original de pel\u00edcula\u201d).<\/p>\n\n\n\n<p>La presentaci\u00f3n musical const\u00f3 de alrededor de 30 minutos, posteriormente, los y las presentes pudieron dialogar con los tres creadores que participaron en el proyecto: el m\u00fasico Nicol\u00e1s Formoso, el pintor Mauricio Valencia y el escritor Christian Formoso. Asimismo, tambi\u00e9n se exhibi\u00f3 la obra de arte de autor\u00eda de Mauricio Valencia que ha ilustrado este disco, el cual tuvo su dise\u00f1o a cargo del m\u00fasico y dise\u00f1ador \u00c1lvaro Men\u00e9ndez.<\/p>\n\n\n\n<p>\u201cEs un proceso que recopila muchas influencias a lo largo de mis a\u00f1os, las cuales se combinaron y formaron el disco; por eso sali\u00f3 algo \u00fanico que fue mezclado con otras disciplinas como el arte y la literatura. Estoy conforme con el resultado, es algo que me cambia en el sentido de que este \u00e1lbum es un reflejo acerca del momento que uno est\u00e1 pasando\u201d, expres\u00f3 el autor de \u201cWWM -Original Motion Picture Soundtrack-\u201d.<\/p>\n\n\n\n<p>Mientras que Christian Formoso indic\u00f3 que \u201cson piezas que se mueven, no hab\u00eda visto mis textos interpretados por un m\u00fasico, independiente de que sea mi hijo. Es ir viendo c\u00f3mo, desde las astillas, van surgiendo los personajes que alguna vez imagin\u00e9, tal como este tipo que coleccionaba selfies de los peores momentos de su vida, adem\u00e1s de ver c\u00f3mo Nicol\u00e1s (Formoso) apareci\u00f3 en la psicolog\u00eda de M\u00edster Neme e hizo un solo fren\u00e9tico y delirante acerca de c\u00f3mo ese personaje ve\u00eda la vida\u201d.<\/p>\n\n\n\n<p>Este disco explor\u00f3 la creaci\u00f3n de canciones a modo de banda sonora de los textos del libro de su padre, canciones que a su vez inspiraron la producci\u00f3n art\u00edstica del destacado artista visual Mauricio Valencia. \u201cFue un tremendo desaf\u00edo realizar esta obra y entrelazarla a trav\u00e9s de la m\u00fasica de Nicol\u00e1s y su padre. Estoy s\u00faper contento con la atm\u00f3sfera que se dio con un resultado que fue original e interesante. Realic\u00e9 una t\u00e9cnica poco com\u00fan con un trabajo que vengo realizando desde el 2015, que consiste en trabajar con pigmentos de nogal sobre tableros de astillas, que son maderas que se utilizan generalmente en la construcci\u00f3n\u201d, dijo.&nbsp;<\/p>\n\n\n\n<p>El artista luego fue trabajando a trav\u00e9s de un dise\u00f1o previo en el que, seg\u00fan detalla, el mismo soporte fue ayudando a transformar esas im\u00e1genes, d\u00e1ndoles movimiento y ritmo. Por consiguiente, el arte fue fragmentado en cinco paneles verticales que pueden ser intercambiables, los cuales seg\u00fan su perspectiva van transformando las im\u00e1genes. Este proceso de creaci\u00f3n de la obra fue trabajado durante m\u00e1s de dos meses.&nbsp;<\/p>\n\n\n\n<p><strong>Financiamiento y apoyo<\/strong><\/p>\n\n\n\n<p>Con el financiamiento del Fondo para el Fomento de la M\u00fasica Nacional para la \u00faltima etapa del proceso se obtuvo un \u00e1lbum de sonido profesional, mezclado y masterizado por el Ingeniero en sonido, de larga trayectoria, Rodrigo Arias. Este trabajo de mezcla y masterizaci\u00f3n tuvo una etapa presencial en Santiago, entre el 24 de abril y el 1 de mayo del presente a\u00f1o, y continu\u00f3 con un trabajo online, que se extendi\u00f3 hasta comienzos de agosto de este a\u00f1o.<\/p>\n\n\n\n<p>Adem\u00e1s de contar con el financiamiento del Fondo para el Fomento de la M\u00fasica Nacional, convocatoria 2022, del Ministerio de las Culturas, Las Artes y el Patrimonio, la propuesta ha tenido el apoyo de la Universidad de Magallanes, Provincianos Editores y la web literaria Circo en Llamas. El encuentro fue efectuado gracias a la Invitaci\u00f3n de la Vicerrector\u00eda de Vinculaci\u00f3n con el Medio de la Universidad de Magallanes.<\/p>\n","protected":false},"excerpt":{"rendered":"<p>El pasado viernes 25 de noviembre, en el auditorio Ernesto Livacic del Edificio de Ingenier\u00eda y Ciencias de la Universidad de Magallanes, el docente de Ingl\u00e9s de la UMAG, Nicol\u00e1s&#8230; <a class=\"read-more\" href=\"https:\/\/www.radiopresidenteibanez.cl\/web\/musico-nicolas-formoso-estreno-album-musical-en-vivo-en-la-universidad-de-magallanes\/\">Leer m\u00e1s<\/a><\/p>\n","protected":false},"author":2,"featured_media":35115,"comment_status":"closed","ping_status":"closed","sticky":false,"template":"","format":"standard","meta":{"footnotes":""},"categories":[1],"tags":[],"class_list":["post-35114","post","type-post","status-publish","format-standard","has-post-thumbnail","hentry","category-cronica"],"_links":{"self":[{"href":"https:\/\/www.radiopresidenteibanez.cl\/web\/wp-json\/wp\/v2\/posts\/35114","targetHints":{"allow":["GET"]}}],"collection":[{"href":"https:\/\/www.radiopresidenteibanez.cl\/web\/wp-json\/wp\/v2\/posts"}],"about":[{"href":"https:\/\/www.radiopresidenteibanez.cl\/web\/wp-json\/wp\/v2\/types\/post"}],"author":[{"embeddable":true,"href":"https:\/\/www.radiopresidenteibanez.cl\/web\/wp-json\/wp\/v2\/users\/2"}],"replies":[{"embeddable":true,"href":"https:\/\/www.radiopresidenteibanez.cl\/web\/wp-json\/wp\/v2\/comments?post=35114"}],"version-history":[{"count":0,"href":"https:\/\/www.radiopresidenteibanez.cl\/web\/wp-json\/wp\/v2\/posts\/35114\/revisions"}],"wp:featuredmedia":[{"embeddable":true,"href":"https:\/\/www.radiopresidenteibanez.cl\/web\/wp-json\/wp\/v2\/media\/35115"}],"wp:attachment":[{"href":"https:\/\/www.radiopresidenteibanez.cl\/web\/wp-json\/wp\/v2\/media?parent=35114"}],"wp:term":[{"taxonomy":"category","embeddable":true,"href":"https:\/\/www.radiopresidenteibanez.cl\/web\/wp-json\/wp\/v2\/categories?post=35114"},{"taxonomy":"post_tag","embeddable":true,"href":"https:\/\/www.radiopresidenteibanez.cl\/web\/wp-json\/wp\/v2\/tags?post=35114"}],"curies":[{"name":"wp","href":"https:\/\/api.w.org\/{rel}","templated":true}]}}