{"id":3511,"date":"2019-04-18T16:34:13","date_gmt":"2019-04-18T16:34:13","guid":{"rendered":"http:\/\/www.radiopresidenteibanez.cl\/web\/?p=3511"},"modified":"2019-04-18T16:34:42","modified_gmt":"2019-04-18T16:34:42","slug":"principio-de-incendio-afecto-a-buque-factoria","status":"publish","type":"post","link":"https:\/\/www.radiopresidenteibanez.cl\/web\/principio-de-incendio-afecto-a-buque-factoria\/","title":{"rendered":"PRINCIPIO DE INCENDIO AFECTO A BUQUE FACTOR\u00cdA"},"content":{"rendered":"\n<p>Pasado el mediod\u00eda hasta el Muelle Prat debieron concurrir voluntarios de tres compa\u00f1\u00edas de Bomberos, debido a que un buque factor\u00eda resulto con da\u00f1os por un principio de incendio, hasta el momento se desconoce si hubieron personas lesionadas.<\/p>\n\n\n\n<figure class=\"wp-block-image\"><img loading=\"lazy\" decoding=\"async\" width=\"900\" height=\"642\" src=\"https:\/\/www.radiopresidenteibanez.cl\/web\/wp-content\/uploads\/2019\/04\/FB_IMG_1555601288362.jpg\" alt=\"\" class=\"wp-image-3512\" srcset=\"https:\/\/www.radiopresidenteibanez.cl\/web\/wp-content\/uploads\/2019\/04\/FB_IMG_1555601288362.jpg 900w, https:\/\/www.radiopresidenteibanez.cl\/web\/wp-content\/uploads\/2019\/04\/FB_IMG_1555601288362-300x214.jpg 300w, https:\/\/www.radiopresidenteibanez.cl\/web\/wp-content\/uploads\/2019\/04\/FB_IMG_1555601288362-768x548.jpg 768w\" sizes=\"auto, (max-width: 900px) 100vw, 900px\" \/><\/figure>\n","protected":false},"excerpt":{"rendered":"<p>Pasado el mediod\u00eda hasta el Muelle Prat debieron concurrir voluntarios de tres compa\u00f1\u00edas de Bomberos, debido a que un buque factor\u00eda resulto con da\u00f1os por un principio de incendio, hasta&#8230; <a class=\"read-more\" href=\"https:\/\/www.radiopresidenteibanez.cl\/web\/principio-de-incendio-afecto-a-buque-factoria\/\">Leer m\u00e1s<\/a><\/p>\n","protected":false},"author":2,"featured_media":3512,"comment_status":"closed","ping_status":"closed","sticky":false,"template":"","format":"standard","meta":{"footnotes":""},"categories":[1],"tags":[],"class_list":["post-3511","post","type-post","status-publish","format-standard","has-post-thumbnail","hentry","category-cronica"],"_links":{"self":[{"href":"https:\/\/www.radiopresidenteibanez.cl\/web\/wp-json\/wp\/v2\/posts\/3511","targetHints":{"allow":["GET"]}}],"collection":[{"href":"https:\/\/www.radiopresidenteibanez.cl\/web\/wp-json\/wp\/v2\/posts"}],"about":[{"href":"https:\/\/www.radiopresidenteibanez.cl\/web\/wp-json\/wp\/v2\/types\/post"}],"author":[{"embeddable":true,"href":"https:\/\/www.radiopresidenteibanez.cl\/web\/wp-json\/wp\/v2\/users\/2"}],"replies":[{"embeddable":true,"href":"https:\/\/www.radiopresidenteibanez.cl\/web\/wp-json\/wp\/v2\/comments?post=3511"}],"version-history":[{"count":0,"href":"https:\/\/www.radiopresidenteibanez.cl\/web\/wp-json\/wp\/v2\/posts\/3511\/revisions"}],"wp:featuredmedia":[{"embeddable":true,"href":"https:\/\/www.radiopresidenteibanez.cl\/web\/wp-json\/wp\/v2\/media\/3512"}],"wp:attachment":[{"href":"https:\/\/www.radiopresidenteibanez.cl\/web\/wp-json\/wp\/v2\/media?parent=3511"}],"wp:term":[{"taxonomy":"category","embeddable":true,"href":"https:\/\/www.radiopresidenteibanez.cl\/web\/wp-json\/wp\/v2\/categories?post=3511"},{"taxonomy":"post_tag","embeddable":true,"href":"https:\/\/www.radiopresidenteibanez.cl\/web\/wp-json\/wp\/v2\/tags?post=3511"}],"curies":[{"name":"wp","href":"https:\/\/api.w.org\/{rel}","templated":true}]}}