{"id":3499,"date":"2019-04-18T15:27:38","date_gmt":"2019-04-18T15:27:38","guid":{"rendered":"http:\/\/www.radiopresidenteibanez.cl\/web\/?p=3499"},"modified":"2019-04-18T15:28:22","modified_gmt":"2019-04-18T15:28:22","slug":"incendio-afecto-a-una-vivienda-de-material-ligero-en-el-sector-alto-de-punta-arenas","status":"publish","type":"post","link":"https:\/\/www.radiopresidenteibanez.cl\/web\/incendio-afecto-a-una-vivienda-de-material-ligero-en-el-sector-alto-de-punta-arenas\/","title":{"rendered":"INCENDIO AFECT\u00d3 A UNA VIVIENDA DE MATERIAL LIGERO EN EL SECTOR ALTO DE PUNTA ARENAS"},"content":{"rendered":"\n<p>Voluntarios de cinco compa\u00f1\u00edas de Bomberos debieron concurrir a un llamado por incendio en el sector de la poblaci\u00f3n Nelda Paniccuci, hasta el momento se desconoce si existen personas lesionadas.<\/p>\n\n\n\n<figure class=\"wp-block-image\"><img loading=\"lazy\" decoding=\"async\" width=\"984\" height=\"564\" src=\"https:\/\/www.radiopresidenteibanez.cl\/web\/wp-content\/uploads\/2019\/04\/IMG-20190418-WA0021.jpg\" alt=\"\" class=\"wp-image-3500\" srcset=\"https:\/\/www.radiopresidenteibanez.cl\/web\/wp-content\/uploads\/2019\/04\/IMG-20190418-WA0021.jpg 984w, https:\/\/www.radiopresidenteibanez.cl\/web\/wp-content\/uploads\/2019\/04\/IMG-20190418-WA0021-300x172.jpg 300w, https:\/\/www.radiopresidenteibanez.cl\/web\/wp-content\/uploads\/2019\/04\/IMG-20190418-WA0021-768x440.jpg 768w\" sizes=\"auto, (max-width: 984px) 100vw, 984px\" \/><\/figure>\n","protected":false},"excerpt":{"rendered":"<p>Voluntarios de cinco compa\u00f1\u00edas de Bomberos debieron concurrir a un llamado por incendio en el sector de la poblaci\u00f3n Nelda Paniccuci, hasta el momento se desconoce si existen personas lesionadas.<\/p>\n","protected":false},"author":2,"featured_media":3500,"comment_status":"closed","ping_status":"closed","sticky":false,"template":"","format":"standard","meta":{"footnotes":""},"categories":[1],"tags":[],"class_list":["post-3499","post","type-post","status-publish","format-standard","has-post-thumbnail","hentry","category-cronica"],"_links":{"self":[{"href":"https:\/\/www.radiopresidenteibanez.cl\/web\/wp-json\/wp\/v2\/posts\/3499","targetHints":{"allow":["GET"]}}],"collection":[{"href":"https:\/\/www.radiopresidenteibanez.cl\/web\/wp-json\/wp\/v2\/posts"}],"about":[{"href":"https:\/\/www.radiopresidenteibanez.cl\/web\/wp-json\/wp\/v2\/types\/post"}],"author":[{"embeddable":true,"href":"https:\/\/www.radiopresidenteibanez.cl\/web\/wp-json\/wp\/v2\/users\/2"}],"replies":[{"embeddable":true,"href":"https:\/\/www.radiopresidenteibanez.cl\/web\/wp-json\/wp\/v2\/comments?post=3499"}],"version-history":[{"count":0,"href":"https:\/\/www.radiopresidenteibanez.cl\/web\/wp-json\/wp\/v2\/posts\/3499\/revisions"}],"wp:featuredmedia":[{"embeddable":true,"href":"https:\/\/www.radiopresidenteibanez.cl\/web\/wp-json\/wp\/v2\/media\/3500"}],"wp:attachment":[{"href":"https:\/\/www.radiopresidenteibanez.cl\/web\/wp-json\/wp\/v2\/media?parent=3499"}],"wp:term":[{"taxonomy":"category","embeddable":true,"href":"https:\/\/www.radiopresidenteibanez.cl\/web\/wp-json\/wp\/v2\/categories?post=3499"},{"taxonomy":"post_tag","embeddable":true,"href":"https:\/\/www.radiopresidenteibanez.cl\/web\/wp-json\/wp\/v2\/tags?post=3499"}],"curies":[{"name":"wp","href":"https:\/\/api.w.org\/{rel}","templated":true}]}}