{"id":3496,"date":"2019-04-18T14:47:41","date_gmt":"2019-04-18T14:47:41","guid":{"rendered":"http:\/\/www.radiopresidenteibanez.cl\/web\/?p=3496"},"modified":"2019-04-18T14:48:12","modified_gmt":"2019-04-18T14:48:12","slug":"en-marcha-ordenanza-municipal-que-establecera-el-retiro-de-cables-aereos-en-desuso-en-puerto-natales","status":"publish","type":"post","link":"https:\/\/www.radiopresidenteibanez.cl\/web\/en-marcha-ordenanza-municipal-que-establecera-el-retiro-de-cables-aereos-en-desuso-en-puerto-natales\/","title":{"rendered":"EN MARCHA ORDENANZA MUNICIPAL QUE ESTABLECER\u00c1 EL RETIRO DE CABLES AEREOS EN DESUSO EN PUERTO NATALES"},"content":{"rendered":"\n<p>A principios\nde este a\u00f1o el Concejo municipal de Natales aprob\u00f3 de forma un\u00e1nime una\nordenanza que permitir\u00e1 dar un mayor orden y limpieza visual a\u00e9rea sobre las\ninstalaciones del tendido el\u00e9ctrico, de telecomunicaciones y otras, dentro de\nla comuna de Natales y que a partir de este a\u00f1o deben &nbsp;regirse a una instalaci\u00f3n no inferior a los\ncuatro metros veinte.<\/p>\n\n\n\n<p>As\u00ed lo dio a\nconocer la autoridad comunal Fernando Paredes Mansilla, quien se\u00f1al\u00f3 que dicha\nordenanza ya fue informada a las empresas, lo que corresponde a continuaci\u00f3n es\ncomenzar una fiscalizaci\u00f3n dentro de la comuna, \u201cla noticia que podemos darle a\nla comunidad natalina, que esta medida tiende a que nuestra ciudad se vea m\u00e1s\nordenada, m\u00e1s limpia. Esta basura a\u00e9rea donde hay muchos cables que est\u00e1n en\ndesuso tienen que retirarse, esta ordenanza viene a ordenar una demanda leg\u00edtima\nque la propia comunidad nos pidi\u00f3 como Concejo Municipal\u201d. <\/p>\n\n\n\n<p>La nueva\nregulaci\u00f3n va en la l\u00ednea del ordenamiento integral del espacio p\u00fablico que\nlleva a cabo la Municipalidad de Puerto Natales y el compromiso con el aseo y\nornato de la comuna. <\/p>\n\n\n\n<p>La presente Ordenanza regular\u00e1 el\ntendido a\u00e9reo y la canalizaci\u00f3n subterr\u00e1nea de l\u00edneas distribuidoras de energ\u00eda\nel\u00e9ctrica, de servicios de telecomunicaciones y otros, en los bienes nacionales\nde uso p\u00fablico de la comuna de Natales. Adem\u00e1s establece la forma, altura y\ncanalizaci\u00f3n de la instalaci\u00f3n de nuevos tendidos el\u00e9ctricos y de\ntelecomunicaciones, regulando lo existente, aplicando procedimientos y\nrequisitos para la ejecuci\u00f3n de las obras, las cuales est\u00e1n debidamente\nidentificadas en la ordenanza.<\/p>\n\n\n\n<p>Se establece adem\u00e1s a trav\u00e9s de esta\nordenanza un sistema de fiscalizaci\u00f3n y sanciones respecto al no cumplimiento\nde esta,&nbsp; permitiendo incluso la\nsuspensi\u00f3n del otorgamiento de permisos a las empresas como as\u00ed mismo la\naplicaci\u00f3n de multas en caso de no cumplir con lo establecido.<\/p>\n\n\n\n<p>Entre otras acciones dicha ordenanza establece valores para asegurar el retiro de cables, es decir, si la empresa no se hace responsable del retiro, ser\u00e1 \u00a0la municipalidad quien realice dichas labores y traspasar\u00e1 el cobro a la empresa, lo que asegura se pueda generar\u00a0 efectividad en el retiro de esta chatarra a\u00e9rea. <\/p>\n\n\n\n<figure class=\"wp-block-image\"><img loading=\"lazy\" decoding=\"async\" width=\"683\" height=\"1024\" src=\"https:\/\/www.radiopresidenteibanez.cl\/web\/wp-content\/uploads\/2019\/04\/039A2383-683x1024.jpg\" alt=\"\" class=\"wp-image-3497\" srcset=\"https:\/\/www.radiopresidenteibanez.cl\/web\/wp-content\/uploads\/2019\/04\/039A2383-683x1024.jpg 683w, https:\/\/www.radiopresidenteibanez.cl\/web\/wp-content\/uploads\/2019\/04\/039A2383-200x300.jpg 200w, https:\/\/www.radiopresidenteibanez.cl\/web\/wp-content\/uploads\/2019\/04\/039A2383-768x1152.jpg 768w, https:\/\/www.radiopresidenteibanez.cl\/web\/wp-content\/uploads\/2019\/04\/039A2383.jpg 900w\" sizes=\"auto, (max-width: 683px) 100vw, 683px\" \/><\/figure>\n","protected":false},"excerpt":{"rendered":"<p>A principios de este a\u00f1o el Concejo municipal de Natales aprob\u00f3 de forma un\u00e1nime una ordenanza que permitir\u00e1 dar un mayor orden y limpieza visual a\u00e9rea sobre las instalaciones del&#8230; <a class=\"read-more\" href=\"https:\/\/www.radiopresidenteibanez.cl\/web\/en-marcha-ordenanza-municipal-que-establecera-el-retiro-de-cables-aereos-en-desuso-en-puerto-natales\/\">Leer m\u00e1s<\/a><\/p>\n","protected":false},"author":2,"featured_media":3497,"comment_status":"closed","ping_status":"closed","sticky":false,"template":"","format":"standard","meta":{"footnotes":""},"categories":[1],"tags":[],"class_list":["post-3496","post","type-post","status-publish","format-standard","has-post-thumbnail","hentry","category-cronica"],"_links":{"self":[{"href":"https:\/\/www.radiopresidenteibanez.cl\/web\/wp-json\/wp\/v2\/posts\/3496","targetHints":{"allow":["GET"]}}],"collection":[{"href":"https:\/\/www.radiopresidenteibanez.cl\/web\/wp-json\/wp\/v2\/posts"}],"about":[{"href":"https:\/\/www.radiopresidenteibanez.cl\/web\/wp-json\/wp\/v2\/types\/post"}],"author":[{"embeddable":true,"href":"https:\/\/www.radiopresidenteibanez.cl\/web\/wp-json\/wp\/v2\/users\/2"}],"replies":[{"embeddable":true,"href":"https:\/\/www.radiopresidenteibanez.cl\/web\/wp-json\/wp\/v2\/comments?post=3496"}],"version-history":[{"count":0,"href":"https:\/\/www.radiopresidenteibanez.cl\/web\/wp-json\/wp\/v2\/posts\/3496\/revisions"}],"wp:featuredmedia":[{"embeddable":true,"href":"https:\/\/www.radiopresidenteibanez.cl\/web\/wp-json\/wp\/v2\/media\/3497"}],"wp:attachment":[{"href":"https:\/\/www.radiopresidenteibanez.cl\/web\/wp-json\/wp\/v2\/media?parent=3496"}],"wp:term":[{"taxonomy":"category","embeddable":true,"href":"https:\/\/www.radiopresidenteibanez.cl\/web\/wp-json\/wp\/v2\/categories?post=3496"},{"taxonomy":"post_tag","embeddable":true,"href":"https:\/\/www.radiopresidenteibanez.cl\/web\/wp-json\/wp\/v2\/tags?post=3496"}],"curies":[{"name":"wp","href":"https:\/\/api.w.org\/{rel}","templated":true}]}}