{"id":34951,"date":"2022-11-25T10:23:00","date_gmt":"2022-11-25T13:23:00","guid":{"rendered":"https:\/\/www.radiopresidenteibanez.cl\/web\/?p=34951"},"modified":"2022-11-25T08:26:26","modified_gmt":"2022-11-25T11:26:26","slug":"se-constituyo-la-red-cuidar-de-magallanes","status":"publish","type":"post","link":"https:\/\/www.radiopresidenteibanez.cl\/web\/se-constituyo-la-red-cuidar-de-magallanes\/","title":{"rendered":"SE CONSTITUYO LA RED CUIDAR DE MAGALLANES"},"content":{"rendered":"\n<p>En el marco del Seminario \u2013 Taller \u201cInstalaci\u00f3n Red Cuidar Magallanes\u201d se constituy\u00f3 la \u201cRed Cuidar Magallanes que ser\u00e1 la responsable de construir el Plan Regional de Cuidados que busca hacer, desde la construcci\u00f3n territorial, los acuerdos internacionales en temas de cuidados integrando la perspectiva de derechos humanos, de g\u00e9nero y enfoque territorial, con especial \u00e9nfasis en personas mayores en situaci\u00f3n de dependencia.<\/p>\n\n\n\n<p>\u201cMuy contento de poder formalizar esta red. En Magallanes damos el puntapi\u00e9 inicial a la formaci\u00f3n de estas redes territoriales. Formalizamos un trabajo que hoy nos permite comprometernos y poder trabajar hacia adelante tanto en las pol\u00edticas nacionales y en el reconocimiento de los cuidadores\u201d coment\u00f3 el Gobernador Jorge Flies.<\/p>\n\n\n\n<p>Por su parte, Francisca Perales, Subsecretaria de Servicios Sociales, declar\u00f3 que \u201cestamos muy felices por firmar esta colaboraci\u00f3n con el Gobierno Regional para fortalecer la oferta existente de cuidados en Magallanes. Hay muchas personas que requieren cuidados y hay una ausencia de mirada en c\u00f3mo se contribuyen a las personas que realizan esta labor de manera no remunerada\u201d.<\/p>\n\n\n\n<p>La Red Cuidar Magallanes se construir\u00e1 a partir de la identificaci\u00f3n de actores claves o representantes del mundo p\u00fablico y privado dentro del territorio. Tras esa identificaci\u00f3n, se realizar\u00e1 un proceso de informaci\u00f3n, sensibilizaci\u00f3n y compromiso con lo que implica la construcci\u00f3n de un Plan Regional de Cuidados mediante entrevistas previas y el presente seminario.<\/p>\n\n\n\n<p>Cecilia Jelves, cuidadora de personas con autismo, quien se mostr\u00f3 muy agradecida por la noticia, se\u00f1al\u00f3 que \u201cNosotros tenemos que dedicar 24\/7 a los cuidados. Esta red es maravillosa. Si el Gobierno y la Sociedad Civil se unen todo va a salir mejor porque les est\u00e1s preguntando al usuario lo que necesita\u201d.<\/p>\n\n\n\n<p>Todo esto conlleva la constituci\u00f3n de mesas de trabajo, que ser\u00e1n de diferentes tem\u00e1ticas y objetivos acordes al levantamiento de informaci\u00f3n y elementos a identificar. Operativamente, estas mesas deber\u00e1n entregar una agenda con actividades y productos de acuerdo a sus funciones y objetivos.<\/p>\n","protected":false},"excerpt":{"rendered":"<p>En el marco del Seminario \u2013 Taller \u201cInstalaci\u00f3n Red Cuidar Magallanes\u201d se constituy\u00f3 la \u201cRed Cuidar Magallanes que ser\u00e1 la responsable de construir el Plan Regional de Cuidados que busca&#8230; <a class=\"read-more\" href=\"https:\/\/www.radiopresidenteibanez.cl\/web\/se-constituyo-la-red-cuidar-de-magallanes\/\">Leer m\u00e1s<\/a><\/p>\n","protected":false},"author":2,"featured_media":34952,"comment_status":"closed","ping_status":"closed","sticky":false,"template":"","format":"standard","meta":{"footnotes":""},"categories":[1],"tags":[],"class_list":["post-34951","post","type-post","status-publish","format-standard","has-post-thumbnail","hentry","category-cronica"],"_links":{"self":[{"href":"https:\/\/www.radiopresidenteibanez.cl\/web\/wp-json\/wp\/v2\/posts\/34951","targetHints":{"allow":["GET"]}}],"collection":[{"href":"https:\/\/www.radiopresidenteibanez.cl\/web\/wp-json\/wp\/v2\/posts"}],"about":[{"href":"https:\/\/www.radiopresidenteibanez.cl\/web\/wp-json\/wp\/v2\/types\/post"}],"author":[{"embeddable":true,"href":"https:\/\/www.radiopresidenteibanez.cl\/web\/wp-json\/wp\/v2\/users\/2"}],"replies":[{"embeddable":true,"href":"https:\/\/www.radiopresidenteibanez.cl\/web\/wp-json\/wp\/v2\/comments?post=34951"}],"version-history":[{"count":0,"href":"https:\/\/www.radiopresidenteibanez.cl\/web\/wp-json\/wp\/v2\/posts\/34951\/revisions"}],"wp:featuredmedia":[{"embeddable":true,"href":"https:\/\/www.radiopresidenteibanez.cl\/web\/wp-json\/wp\/v2\/media\/34952"}],"wp:attachment":[{"href":"https:\/\/www.radiopresidenteibanez.cl\/web\/wp-json\/wp\/v2\/media?parent=34951"}],"wp:term":[{"taxonomy":"category","embeddable":true,"href":"https:\/\/www.radiopresidenteibanez.cl\/web\/wp-json\/wp\/v2\/categories?post=34951"},{"taxonomy":"post_tag","embeddable":true,"href":"https:\/\/www.radiopresidenteibanez.cl\/web\/wp-json\/wp\/v2\/tags?post=34951"}],"curies":[{"name":"wp","href":"https:\/\/api.w.org\/{rel}","templated":true}]}}