{"id":3493,"date":"2019-04-18T14:42:50","date_gmt":"2019-04-18T14:42:50","guid":{"rendered":"http:\/\/www.radiopresidenteibanez.cl\/web\/?p=3493"},"modified":"2019-04-18T14:43:15","modified_gmt":"2019-04-18T14:43:15","slug":"en-cuenta-publica-participativa-el-hospital-de-natales-destaco-el-aumento-de-atenciones-otorgadas-durante-el-2018","status":"publish","type":"post","link":"https:\/\/www.radiopresidenteibanez.cl\/web\/en-cuenta-publica-participativa-el-hospital-de-natales-destaco-el-aumento-de-atenciones-otorgadas-durante-el-2018\/","title":{"rendered":"EN CUENTA P\u00daBLICA PARTICIPATIVA EL HOSPITAL DE NATALES DESTAC\u00d3 EL AUMENTO DE ATENCIONES OTORGADAS DURANTE EL 2018"},"content":{"rendered":"\n<p>Este mi\u00e9rcoles 17 de abril en el Hospital\nDr. Augusto Essmann Burgos se realiz\u00f3 Cuenta P\u00fablica correspondiente a la\ngesti\u00f3n del a\u00f1o 2018, actividad de la que participaron autoridades\nprovinciales, dirigentes sociales y funcionarios de recinto de salud y que\ncontempl\u00f3 un espacio participativo en la comunidad plante\u00f3 sus inquietudes,\nadem\u00e1s de desaf\u00edos al recinto de salud. <\/p>\n\n\n\n<p>Fue el director (s) del Hospital Dr.\nAugusto Essmann Burgos, Manuel Hern\u00e1ndez, quien destac\u00f3 que m\u00e1s natalinos\nacceden en su comuna a m\u00e1s cirug\u00edas generales, ginecol\u00f3gicas y de la\nespecialidad de traumatolog\u00eda, \u201clos tres nuevos pabellones nos permiten\nrealizar de manera paralela dos cirug\u00edas programadas, y destinar un pabell\u00f3n a\nprocedimientos de urgencia. Lo que sumado al aumento de dotaci\u00f3n nos permite\notorgar m\u00e1s procedimientos quir\u00fargicos que resuelven las necesidades de salud\nque tienen las personas de nuestra ciudad\u201d, se\u00f1al\u00f3 el directivo. <\/p>\n\n\n\n<p>Durante el a\u00f1o 2017 se realizaron 385\nprocedimientos quir\u00fargicos, mientras que el a\u00f1o 2018, se realizaron 631\ncirug\u00edas, cifra que representa un 40% de aumento. \u201cEste incremento de\nproductividad es transversal a todos los servicios del nuevo recinto de salud\nde la Provincia de \u00daltima Esperanza\u201d, asegur\u00f3 el directivo.<\/p>\n\n\n\n<p>&nbsp;&nbsp;&nbsp;&nbsp;&nbsp;&nbsp;&nbsp;&nbsp;&nbsp;&nbsp;&nbsp;&nbsp;&nbsp; Otro\nde los aspectos relevados en la Cuenta P\u00fablica fue el Servicio de Imagenolog\u00eda que\ngracias al incremento de personal y equipamiento aument\u00f3 en un 30% el n\u00famero de\nex\u00e1menes realizados. &nbsp;\u201cEn el a\u00f1o 2017 se\nrealizaron 12.828 ex\u00e1menes radiol\u00f3gicos, mientras que el a\u00f1o 2018 se\ndesarrollaron 18.390 tomas de im\u00e1genes, de esta cifra 2558 corresponden a\nesc\u00e1ner y 399 a mamograf\u00edas, lo que signific\u00f3 que cerca de 3 mil personas no\ndebieron viajar a Punta Arenas para acceder a la prestaci\u00f3n de salud\u201d, agreg\u00f3 el\ndirector (s) del Hospital Dr. Augusto Essmann Burgos. &nbsp;<\/p>\n\n\n\n<p>En la ocasi\u00f3n el directivo destac\u00f3 las atenciones otorgadas en el Servicio de Urgencia y en Consultorio de Especialidades, \u201cdurante el a\u00f1o 2018 se atendieron a cerca de 38 mil personas en el Servicio de Urgencia, mientras que el Consultorio de Especialidades y en el Hospital de D\u00eda se atendieron a cerca de 20 mil personas, cifras importantes considerando que tenemos una poblaci\u00f3n que bordea los 20 habitantes\u201d, explic\u00f3 Hern\u00e1ndez. <\/p>\n\n\n\n<p>En la ocasi\u00f3n el director del Servicio de Salud Magallanes, Nelson Reyes, valor\u00f3 la instancia, \u201cesta fue una cuenta p\u00fablica muy amigable que le permiti\u00f3 a la comunidad conocer el trabajo de los diferentes servicios del recinto de salud, en que se destac\u00f3 el equipamiento e infraestructura, pero tambi\u00e9n la gesti\u00f3n realizada y el incremento de la dotaci\u00f3n m\u00e9dica del recinto. Quisiera relevar el trabajo en telemedicina que permite implementar el C\u00f3digo ACV en Natales\u201d, asegur\u00f3 autoridad regional. <\/p>\n\n\n\n<p>Para finalizar esta cuenta participativa, autoridades, dirigentes y funcionarios conformaron mesas de trabajo para identificar aspectos relevantes del quehacer del recinto del Hospital de Natales, adem\u00e1s de conversar sobre los desaf\u00edos a futuro del recinto de salud. <\/p>\n\n\n\n<figure class=\"wp-block-image\"><img loading=\"lazy\" decoding=\"async\" width=\"900\" height=\"600\" src=\"https:\/\/www.radiopresidenteibanez.cl\/web\/wp-content\/uploads\/2019\/04\/cuenta-2.jpg\" alt=\"\" class=\"wp-image-3494\" srcset=\"https:\/\/www.radiopresidenteibanez.cl\/web\/wp-content\/uploads\/2019\/04\/cuenta-2.jpg 900w, https:\/\/www.radiopresidenteibanez.cl\/web\/wp-content\/uploads\/2019\/04\/cuenta-2-300x200.jpg 300w, https:\/\/www.radiopresidenteibanez.cl\/web\/wp-content\/uploads\/2019\/04\/cuenta-2-768x512.jpg 768w\" sizes=\"auto, (max-width: 900px) 100vw, 900px\" \/><\/figure>\n","protected":false},"excerpt":{"rendered":"<p>Este mi\u00e9rcoles 17 de abril en el Hospital Dr. Augusto Essmann Burgos se realiz\u00f3 Cuenta P\u00fablica correspondiente a la gesti\u00f3n del a\u00f1o 2018, actividad de la que participaron autoridades provinciales,&#8230; <a class=\"read-more\" href=\"https:\/\/www.radiopresidenteibanez.cl\/web\/en-cuenta-publica-participativa-el-hospital-de-natales-destaco-el-aumento-de-atenciones-otorgadas-durante-el-2018\/\">Leer m\u00e1s<\/a><\/p>\n","protected":false},"author":2,"featured_media":3494,"comment_status":"closed","ping_status":"closed","sticky":false,"template":"","format":"standard","meta":{"footnotes":""},"categories":[1],"tags":[],"class_list":["post-3493","post","type-post","status-publish","format-standard","has-post-thumbnail","hentry","category-cronica"],"_links":{"self":[{"href":"https:\/\/www.radiopresidenteibanez.cl\/web\/wp-json\/wp\/v2\/posts\/3493","targetHints":{"allow":["GET"]}}],"collection":[{"href":"https:\/\/www.radiopresidenteibanez.cl\/web\/wp-json\/wp\/v2\/posts"}],"about":[{"href":"https:\/\/www.radiopresidenteibanez.cl\/web\/wp-json\/wp\/v2\/types\/post"}],"author":[{"embeddable":true,"href":"https:\/\/www.radiopresidenteibanez.cl\/web\/wp-json\/wp\/v2\/users\/2"}],"replies":[{"embeddable":true,"href":"https:\/\/www.radiopresidenteibanez.cl\/web\/wp-json\/wp\/v2\/comments?post=3493"}],"version-history":[{"count":0,"href":"https:\/\/www.radiopresidenteibanez.cl\/web\/wp-json\/wp\/v2\/posts\/3493\/revisions"}],"wp:featuredmedia":[{"embeddable":true,"href":"https:\/\/www.radiopresidenteibanez.cl\/web\/wp-json\/wp\/v2\/media\/3494"}],"wp:attachment":[{"href":"https:\/\/www.radiopresidenteibanez.cl\/web\/wp-json\/wp\/v2\/media?parent=3493"}],"wp:term":[{"taxonomy":"category","embeddable":true,"href":"https:\/\/www.radiopresidenteibanez.cl\/web\/wp-json\/wp\/v2\/categories?post=3493"},{"taxonomy":"post_tag","embeddable":true,"href":"https:\/\/www.radiopresidenteibanez.cl\/web\/wp-json\/wp\/v2\/tags?post=3493"}],"curies":[{"name":"wp","href":"https:\/\/api.w.org\/{rel}","templated":true}]}}