{"id":34914,"date":"2022-11-24T19:57:00","date_gmt":"2022-11-24T22:57:00","guid":{"rendered":"https:\/\/www.radiopresidenteibanez.cl\/web\/?p=34914"},"modified":"2022-11-24T15:27:18","modified_gmt":"2022-11-24T18:27:18","slug":"pleno-y-la-unidad-de-derechos-humanos-de-la-corte-de-apelaciones-de-punta-arenas-brindan-despedida-a-ministra-marta-jimena-pinto","status":"publish","type":"post","link":"https:\/\/www.radiopresidenteibanez.cl\/web\/pleno-y-la-unidad-de-derechos-humanos-de-la-corte-de-apelaciones-de-punta-arenas-brindan-despedida-a-ministra-marta-jimena-pinto\/","title":{"rendered":"<strong>PLENO Y LA UNIDAD DE DERECHOS HUMANOS DE LA CORTE DE APELACIONES DE PUNTA ARENAS BRINDAN DESPEDIDA A MINISTRA MARTA JIMENA PINTO<\/strong>"},"content":{"rendered":"\n<p>En el auditorio del tribunal de alzada de Punta Arenas se reunieron el Pleno, la Unidad de Derechos Humanos y funcionarios de la Corte de Apelaciones de Punta Arenas con la ministra Marta Jimena Pinto, para su despedida despu\u00e9s de 50 a\u00f1os de servicio en el Poder Judicial.<\/p>\n\n\n\n<p>\u201cEstoy muy emocionada, muy honrada y sorprendida porque no esperaba que fuera con protocolo. Ver todas esas caritas sonrientes d\u00e1ndome la bienvenida, el grupito con que m\u00e1s estrechamente trabaj\u00e9, estaba el personal, los ministros, la presidenta de la Corte. As\u00ed es que con protocolo, con amistad con recuerdo, me llevo la mejor impresi\u00f3n de este d\u00eda\u201d, coment\u00f3 la ministra Pinto.<\/p>\n\n\n\n<p>Adem\u00e1s, de forma simb\u00f3lica, se realiz\u00f3 el traspaso de la ex presidenta de la Corte de Apelaciones de Punta Arenas, Marta Jimena Pinto, al ministro Marcos Kusanovic, para las causas de derechos humanos.<\/p>\n","protected":false},"excerpt":{"rendered":"<p>En el auditorio del tribunal de alzada de Punta Arenas se reunieron el Pleno, la Unidad de Derechos Humanos y funcionarios de la Corte de Apelaciones de Punta Arenas con&#8230; <a class=\"read-more\" href=\"https:\/\/www.radiopresidenteibanez.cl\/web\/pleno-y-la-unidad-de-derechos-humanos-de-la-corte-de-apelaciones-de-punta-arenas-brindan-despedida-a-ministra-marta-jimena-pinto\/\">Leer m\u00e1s<\/a><\/p>\n","protected":false},"author":2,"featured_media":34915,"comment_status":"closed","ping_status":"closed","sticky":false,"template":"","format":"standard","meta":{"footnotes":""},"categories":[1],"tags":[],"class_list":["post-34914","post","type-post","status-publish","format-standard","has-post-thumbnail","hentry","category-cronica"],"_links":{"self":[{"href":"https:\/\/www.radiopresidenteibanez.cl\/web\/wp-json\/wp\/v2\/posts\/34914","targetHints":{"allow":["GET"]}}],"collection":[{"href":"https:\/\/www.radiopresidenteibanez.cl\/web\/wp-json\/wp\/v2\/posts"}],"about":[{"href":"https:\/\/www.radiopresidenteibanez.cl\/web\/wp-json\/wp\/v2\/types\/post"}],"author":[{"embeddable":true,"href":"https:\/\/www.radiopresidenteibanez.cl\/web\/wp-json\/wp\/v2\/users\/2"}],"replies":[{"embeddable":true,"href":"https:\/\/www.radiopresidenteibanez.cl\/web\/wp-json\/wp\/v2\/comments?post=34914"}],"version-history":[{"count":0,"href":"https:\/\/www.radiopresidenteibanez.cl\/web\/wp-json\/wp\/v2\/posts\/34914\/revisions"}],"wp:featuredmedia":[{"embeddable":true,"href":"https:\/\/www.radiopresidenteibanez.cl\/web\/wp-json\/wp\/v2\/media\/34915"}],"wp:attachment":[{"href":"https:\/\/www.radiopresidenteibanez.cl\/web\/wp-json\/wp\/v2\/media?parent=34914"}],"wp:term":[{"taxonomy":"category","embeddable":true,"href":"https:\/\/www.radiopresidenteibanez.cl\/web\/wp-json\/wp\/v2\/categories?post=34914"},{"taxonomy":"post_tag","embeddable":true,"href":"https:\/\/www.radiopresidenteibanez.cl\/web\/wp-json\/wp\/v2\/tags?post=34914"}],"curies":[{"name":"wp","href":"https:\/\/api.w.org\/{rel}","templated":true}]}}