{"id":34902,"date":"2022-11-24T15:13:00","date_gmt":"2022-11-24T18:13:00","guid":{"rendered":"https:\/\/www.radiopresidenteibanez.cl\/web\/?p=34902"},"modified":"2022-11-24T10:41:45","modified_gmt":"2022-11-24T13:41:45","slug":"en-magallanes-programa-busca-apoyar-a-comercializadores-al-por-menor-de-productos-del-mar","status":"publish","type":"post","link":"https:\/\/www.radiopresidenteibanez.cl\/web\/en-magallanes-programa-busca-apoyar-a-comercializadores-al-por-menor-de-productos-del-mar\/","title":{"rendered":"EN MAGALLANES PROGRAMA BUSCA APOYAR A COMERCIALIZADORES AL POR MENOR DE PRODUCTOS DEL MAR"},"content":{"rendered":"\n<p>Hasta el pr\u00f3ximo mi\u00e9rcoles 30 de noviembre estar\u00e1n abiertas las postulaciones al programa de PAR Chile Apoya que busca ayudar a comercializadores al por menor de productos del mar de la Regi\u00f3n de Magallanes y Ant\u00e1rtica Chilena, financiando hasta $4 millones por proyecto.<\/p>\n\n\n\n<p>La iniciativa impulsada por la Corporaci\u00f3n de Fomento de la Producci\u00f3n est\u00e1 pensada en ayudar a micro, peque\u00f1as y medianas empresas para la recuperaci\u00f3n de su potencial productivo y de su gesti\u00f3n, mediante el financiamiento de proyectos individuales, adem\u00e1s de capacitaciones, consultor\u00edas, asistencia t\u00e9cnica, entre otras modalidades.&nbsp;<\/p>\n\n\n\n<p>&nbsp;&nbsp;&nbsp;&nbsp;&nbsp;&nbsp;&nbsp;&nbsp;&nbsp;&nbsp;&nbsp;&nbsp;Esta convocatoria est\u00e1 focalizada en empresas comercializadoras al por menor de productos del mar, con inicio de actividades con el c\u00f3digo de&nbsp;<strong>actividad econ\u00f3mica 472104<\/strong>: Venta al por menor en comercios especializados de pescado, mariscos y productos conexos.<\/p>\n\n\n\n<p>La seremi de Econom\u00eda, Fomento y Turismo, Ruth Saieh, indic\u00f3 \u201cCon este instrumento Corfo PAR Chile Apoya, nuevamente el Gobierno de nuestro presidente Gabriel Boric demuestra su compromiso en apoyar a las MiPymes en la recuperaci\u00f3n de su potencial productivo y gesti\u00f3n, financiando proyectos individuales que incorporen capacitaciones, planes de negocios, consultor\u00edas, asistencias t\u00e9cnicas, capital de trabajo y\/o proyectos de inversi\u00f3n\u201d.<\/p>\n\n\n\n<p>Por su parte la directora zonal de Pesca y Acuicultura, Ximena Gallardo, se\u00f1al\u00f3 que&nbsp;se estima que en la regi\u00f3n de Magallanes existen unas 60 empresas (micro, peque\u00f1as y medianas) que pueden postular a este financiamiento. \u201cDe esta forma, pueden incrementar el desarrollo de nuevas competencias y capacidades que les permitan mejorar la eficiencia y eficacia en la provisi\u00f3n de bienes y servicios y\/o mejorar su capacidad productiva, a trav\u00e9s de la materializaci\u00f3n de nuevas inversiones. Esto, va en directa relaci\u00f3n a estimular la innovaci\u00f3n, desarrollo local y la accesibilidad\u201d, enfatiz\u00f3 la directora<\/p>\n\n\n\n<p>Por \u00faltimo, el subdirector regional de Corfo, Oscar Strauch, destac\u00f3 \u201cEsta convocatoria, busca ayudar a empresas comercializadoras de productos del mar de Magallanes, permitiendo impactar positivamente al ecosistema de producci\u00f3n local de alimentos, que es un sector productivo relevante para la direcci\u00f3n regional de Corfo\u201d<\/p>\n\n\n\n<p><strong>C\u00f3mo postular&nbsp;<\/strong><\/p>\n\n\n\n<p>Las empresas deben haber iniciado actividades ante el Servicio de Impuestos Internos, al menos, un a\u00f1o antes de la fecha de apertura de esta convocatoria, as\u00ed tambi\u00e9n tienen que acreditar ventas netas anuales en un rango superior a cero Unidades de Fomento (UF) hasta las 25 mil UF, entre otros requisitos.<\/p>\n\n\n\n<p>Las postulaciones estar\u00e1n abiertas hasta las 15:00 del mi\u00e9rcoles 30 de noviembre. Para m\u00e1s informaci\u00f3n revisar el link&nbsp;<a href=\"https:\/\/www.corfo.cl\/sites\/cpp\/convocatorias\/parcac_magallanes\" target=\"_blank\" rel=\"noreferrer noopener\">https:\/\/www.corfo.cl\/sites\/cpp\/convocatorias\/parcac_magallanes<\/a><\/p>\n","protected":false},"excerpt":{"rendered":"<p>Hasta el pr\u00f3ximo mi\u00e9rcoles 30 de noviembre estar\u00e1n abiertas las postulaciones al programa de PAR Chile Apoya que busca ayudar a comercializadores al por menor de productos del mar de&#8230; <a class=\"read-more\" href=\"https:\/\/www.radiopresidenteibanez.cl\/web\/en-magallanes-programa-busca-apoyar-a-comercializadores-al-por-menor-de-productos-del-mar\/\">Leer m\u00e1s<\/a><\/p>\n","protected":false},"author":2,"featured_media":34903,"comment_status":"closed","ping_status":"closed","sticky":false,"template":"","format":"standard","meta":{"footnotes":""},"categories":[1],"tags":[],"class_list":["post-34902","post","type-post","status-publish","format-standard","has-post-thumbnail","hentry","category-cronica"],"_links":{"self":[{"href":"https:\/\/www.radiopresidenteibanez.cl\/web\/wp-json\/wp\/v2\/posts\/34902","targetHints":{"allow":["GET"]}}],"collection":[{"href":"https:\/\/www.radiopresidenteibanez.cl\/web\/wp-json\/wp\/v2\/posts"}],"about":[{"href":"https:\/\/www.radiopresidenteibanez.cl\/web\/wp-json\/wp\/v2\/types\/post"}],"author":[{"embeddable":true,"href":"https:\/\/www.radiopresidenteibanez.cl\/web\/wp-json\/wp\/v2\/users\/2"}],"replies":[{"embeddable":true,"href":"https:\/\/www.radiopresidenteibanez.cl\/web\/wp-json\/wp\/v2\/comments?post=34902"}],"version-history":[{"count":0,"href":"https:\/\/www.radiopresidenteibanez.cl\/web\/wp-json\/wp\/v2\/posts\/34902\/revisions"}],"wp:featuredmedia":[{"embeddable":true,"href":"https:\/\/www.radiopresidenteibanez.cl\/web\/wp-json\/wp\/v2\/media\/34903"}],"wp:attachment":[{"href":"https:\/\/www.radiopresidenteibanez.cl\/web\/wp-json\/wp\/v2\/media?parent=34902"}],"wp:term":[{"taxonomy":"category","embeddable":true,"href":"https:\/\/www.radiopresidenteibanez.cl\/web\/wp-json\/wp\/v2\/categories?post=34902"},{"taxonomy":"post_tag","embeddable":true,"href":"https:\/\/www.radiopresidenteibanez.cl\/web\/wp-json\/wp\/v2\/tags?post=34902"}],"curies":[{"name":"wp","href":"https:\/\/api.w.org\/{rel}","templated":true}]}}