{"id":3490,"date":"2019-04-17T17:58:25","date_gmt":"2019-04-17T17:58:25","guid":{"rendered":"http:\/\/www.radiopresidenteibanez.cl\/web\/?p=3490"},"modified":"2019-04-17T17:58:57","modified_gmt":"2019-04-17T17:58:57","slug":"mop-concluye-obras-de-mejoramiento-en-jardin-infantil-hielos-patagonicos","status":"publish","type":"post","link":"https:\/\/www.radiopresidenteibanez.cl\/web\/mop-concluye-obras-de-mejoramiento-en-jardin-infantil-hielos-patagonicos\/","title":{"rendered":"MOP CONCLUYE OBRAS DE MEJORAMIENTO EN JARD\u00cdN INFANTIL HIELOS PATAG\u00d3NICOS"},"content":{"rendered":"\n<p>La Direcci\u00f3n de Arquitectura del Ministerio de Obras P\u00fablicas, concluy\u00f3 este mes las obras de normalizaci\u00f3n y mejoramiento del Jard\u00edn Infantil Hielos Patag\u00f3nicos de Puerto Natales.<div><br>Se trata de una inversi\u00f3n de $1.082.609.510, financiada por el Fondo Nacional de Desarrollo Regional (FNDR), que, como destac\u00f3 el Seremi Pablo Rendoll, se enmarca en el trabajo conjunto que ha desarrollado desde 2013 el MOP con Fundaci\u00f3n Integra.<\/div><\/p>\n\n\n\n<figure class=\"wp-block-image is-resized\"><img loading=\"lazy\" decoding=\"async\" src=\"http:\/\/www.radiopresidenteibanez.cl\/web\/wp-content\/uploads\/2019\/04\/jardin-hielos-patagonicos-1024x768.jpg\" alt=\"\" class=\"wp-image-3491\" width=\"637\" height=\"477\" srcset=\"https:\/\/www.radiopresidenteibanez.cl\/web\/wp-content\/uploads\/2019\/04\/jardin-hielos-patagonicos-1024x768.jpg 1024w, https:\/\/www.radiopresidenteibanez.cl\/web\/wp-content\/uploads\/2019\/04\/jardin-hielos-patagonicos-300x225.jpg 300w, https:\/\/www.radiopresidenteibanez.cl\/web\/wp-content\/uploads\/2019\/04\/jardin-hielos-patagonicos-768x576.jpg 768w, https:\/\/www.radiopresidenteibanez.cl\/web\/wp-content\/uploads\/2019\/04\/jardin-hielos-patagonicos.jpg 1040w\" sizes=\"auto, (max-width: 637px) 100vw, 637px\" \/><\/figure>\n\n\n\n<p><div><br>\u201cPara el Gobierno del Presidente Sebasti\u00e1n Pi\u00f1era es primordial una educaci\u00f3n inicial de calidad e inclusiva\u201d, se\u00f1al\u00f3 el Seremi MOP, por lo que el objetivo del proyecto fue resolver el d\u00e9ficit que presentaba el jard\u00edn infantil en cuanto a su infraestructura, benefici\u00e1ndose a 82 p\u00e1rvulos de la ciudad de Puerto Natales, a trav\u00e9s de la ampliaci\u00f3n y el mejoramiento, contribuy\u00e9ndose con mayores y mejores espacios para su estad\u00eda, as\u00ed como en materias de seguridad y confort.<\/div><\/p>\n\n\n\n<p><div><br>As\u00ed lo inform\u00f3 el Director Regional de Arquitectura, Patricio Hormazabal, a\u00f1adiendo que se repuso la totalidad de los servicios b\u00e1sicos y se incorpor\u00f3 nuevo equipamiento.<\/div><\/p>\n\n\n\n<p><div><br>Adem\u00e1s se contemplaron obras exteriores y el cierre perimetral del recinto, en una superficie total de 454 m2.<\/div><\/p>\n\n\n\n<p><div><br>Este mes la Direcci\u00f3n de Arquitectura del Ministerio de Obras P\u00fablicas, realiz\u00f3 la \u00faltima reuni\u00f3n de participaci\u00f3n ciudadana, en la sede vecinal  Ra\u00fal Silva Henr\u00edquez de la ciudad de Puerto Natales, donde la comunidad y las autoridades comunales, provinciales y regionales presentes, pudieron conocer las caracter\u00edsticas del proyecto concluido.<\/div><div><br><\/div><\/p>\n","protected":false},"excerpt":{"rendered":"<p>La Direcci\u00f3n de Arquitectura del Ministerio de Obras P\u00fablicas, concluy\u00f3 este mes las obras de normalizaci\u00f3n y mejoramiento del Jard\u00edn Infantil Hielos Patag\u00f3nicos de Puerto Natales. Se trata de una&#8230; <a class=\"read-more\" href=\"https:\/\/www.radiopresidenteibanez.cl\/web\/mop-concluye-obras-de-mejoramiento-en-jardin-infantil-hielos-patagonicos\/\">Leer m\u00e1s<\/a><\/p>\n","protected":false},"author":2,"featured_media":3491,"comment_status":"closed","ping_status":"closed","sticky":false,"template":"","format":"standard","meta":{"footnotes":""},"categories":[1],"tags":[],"class_list":["post-3490","post","type-post","status-publish","format-standard","has-post-thumbnail","hentry","category-cronica"],"_links":{"self":[{"href":"https:\/\/www.radiopresidenteibanez.cl\/web\/wp-json\/wp\/v2\/posts\/3490","targetHints":{"allow":["GET"]}}],"collection":[{"href":"https:\/\/www.radiopresidenteibanez.cl\/web\/wp-json\/wp\/v2\/posts"}],"about":[{"href":"https:\/\/www.radiopresidenteibanez.cl\/web\/wp-json\/wp\/v2\/types\/post"}],"author":[{"embeddable":true,"href":"https:\/\/www.radiopresidenteibanez.cl\/web\/wp-json\/wp\/v2\/users\/2"}],"replies":[{"embeddable":true,"href":"https:\/\/www.radiopresidenteibanez.cl\/web\/wp-json\/wp\/v2\/comments?post=3490"}],"version-history":[{"count":0,"href":"https:\/\/www.radiopresidenteibanez.cl\/web\/wp-json\/wp\/v2\/posts\/3490\/revisions"}],"wp:featuredmedia":[{"embeddable":true,"href":"https:\/\/www.radiopresidenteibanez.cl\/web\/wp-json\/wp\/v2\/media\/3491"}],"wp:attachment":[{"href":"https:\/\/www.radiopresidenteibanez.cl\/web\/wp-json\/wp\/v2\/media?parent=3490"}],"wp:term":[{"taxonomy":"category","embeddable":true,"href":"https:\/\/www.radiopresidenteibanez.cl\/web\/wp-json\/wp\/v2\/categories?post=3490"},{"taxonomy":"post_tag","embeddable":true,"href":"https:\/\/www.radiopresidenteibanez.cl\/web\/wp-json\/wp\/v2\/tags?post=3490"}],"curies":[{"name":"wp","href":"https:\/\/api.w.org\/{rel}","templated":true}]}}