{"id":34877,"date":"2022-11-24T08:20:15","date_gmt":"2022-11-24T11:20:15","guid":{"rendered":"https:\/\/www.radiopresidenteibanez.cl\/web\/?p=34877"},"modified":"2022-11-24T08:20:22","modified_gmt":"2022-11-24T11:20:22","slug":"boletin-informativo-orbe-3","status":"publish","type":"post","link":"https:\/\/www.radiopresidenteibanez.cl\/web\/boletin-informativo-orbe-3\/","title":{"rendered":"BOLETIN INFORMATIVO ORBE"},"content":{"rendered":"\n<p>SANTIAGO.- La vicepresidenta de la Rep\u00fablica, Carolina Toh\u00e1,<br>inform\u00f3 que el Gobierno decidi\u00f3 aplicar la ley de Seguridad<br>Interior del Estado en contra de los camioneros que est\u00e1n<br>cortando rutas en distintos puntos del pa\u00eds en protesta por<br>los precios de los combustibles. Toh\u00e1 insisti\u00f3 que \u00bb el<br>Gobierno ha hecho todos los esfuerzos, como consta<br>p\u00fablicamente, por evitar este conflicto. El d\u00eda lunes se hizo<br>un acuerdo que conten\u00eda medidas muy significativas\u00bb.<\/p>\n\n\n\n<p>SANTIAGO.- La ministra se\u00f1al\u00f3 que ese pacto constituy\u00f3 \u00abun<br>esfuerzo importante por darle una respuesta concreta a varias<br>demandas que se hab\u00edan planteado por parte de los<br>transportistas que se han movilizado\u00bb. \u00abPese a ello, despu\u00e9s<br>del lunes, ha habido grupos que han mantenido una<br>interrupci\u00f3n del funcionamiento normal de las carreteras y<br>eso ha afectado a las personas, a la circulaci\u00f3n y el<br>abastecimiento en distintos puntos del pa\u00eds\u00bb, agreg\u00f3.<\/p>\n\n\n\n<p>SANTIAGO.- Adem\u00e1s, sostuvo que \u00abse han sostenido varios<br>esfuerzos adicionales y en lugar de avanzar hacia una<br>soluci\u00f3n de este problema, lo que han hecho algunos de los<br>grupos que firmaron el acuerdo es plantear nuevas demandas\u00bb.<br>\u00abSon demandas totalmente desproporcionadas para la realidad<br>del pa\u00eds y que no consideran el esfuerzo que se hizo el lunes<br>y el avance que se logr\u00f3 en esa negociaci\u00f3n. As\u00ed que esos<br>plazos y esas conversaciones ya se han desarrollado\u00bb,<br>indic\u00f3.<\/p>\n\n\n\n<p>SANTIAGO.- El ministro de Hacienda, Mario Marcel, fustig\u00f3 la<br>\u00faltima demanda realizada por algunos gremios de transporte<br>terrestre que est\u00e1n paralizados, en torno a reducir en un 30<br>por ciento el precio de todos los combustibles y mantenerlos<br>estables seis meses. Al respecto, dijo que para poder<br>financiar esa demanda, la mitad del aumento del presupuesto<br>para el pr\u00f3ximo a\u00f1o, en vez de destinarse a educaci\u00f3n,<br>vivienda, salud, tendr\u00eda que dedicarse a subsidiar los<br>combustibles\u00bb, fustig\u00f3.<\/p>\n\n\n\n<p>SANTIAGO.- Marcel agreg\u00f3 que \u00abel Gobierno ha actuado con la<br>m\u00e1xima responsabilidad posible, tuvo un proceso de di\u00e1logo<br>con las organizaciones y sigue disponible para hacer cumplir<br>lo que est\u00e1 en el pacto de acuerdo\u00bb. \u00abPero reabrir una<br>negociaci\u00f3n que se cerr\u00f3 positivamente, sobre la base de<br>dificultar la vida de chilenas y chilenos, nos parece<br>totalmente inadecuado e improcedente y tiene los problemas de<br>legalidad que ha planteado el Ministerio del Interior\u00bb,<br>afirm\u00f3.<\/p>\n\n\n\n<p>VALPARAISO.- En tanto, la Municipalidad de Valpara\u00edso<br>present\u00f3 un recurso de protecci\u00f3n por la ocupaci\u00f3n \u00abilegal\u00bb<br>de las v\u00edas por parte de los camioneros. La acci\u00f3n es \u00abcontra<br>el gremio de camioneros de la Quinta Regi\u00f3n, por el grave<br>da\u00f1o producido en la comuna, afectando no solamente la libre<br>circulaci\u00f3n de miles de vecinos y vecinas de Placilla y<br>Pe\u00f1uelas hacia Valpara\u00edso y viceversa, sino que tambi\u00e9n<br>servicios p\u00fablicos como Bomberos y ambulancias\u00bb, dijo el<br>alcalde Jorge Sharp.<\/p>\n\n\n\n<p>VALPARAISO.- El senador Mat\u00edas Walker, de Dem\u00f3cratas, plante\u00f3<br>la idea de hacer un \u00abc\u00f3nclave\u00bb donde \u00abnadie se pare de la<br>mesa\u00bb hasta cerrar acuerdo constitucional. \u00abYo creo que hay<br>acelerar el tranco en estas reuniones. Y he pedido como<br>presidente de la comisi\u00f3n de Constituci\u00f3n del Senado que, en<br>vez de tener reuniones cada una semana o tres d\u00edas, podamos<br>encerrarnos a llegar a un acuerdo en la forma de un c\u00f3nclave<br>como lo hicimos el 2019 y que nadie se pare de la mesa hasta<br>llegar a un acuerdo\u00bb, dijo.<\/p>\n\n\n\n<p>VALPARAISO.- Los parlamentarios independientes Pamela Jiles,<br>y Ren\u00e9 Alinco, y los PDG, Gaspar Rivas y Rub\u00e9n Oyarzo, est\u00e1n<br>presionando a la<br>la diputada y presidenta de la Comisi\u00f3n de Constituci\u00f3n,<br>Karol Cariola, PC, con iniciar un proceso de censura en caso<br>de que no se ponga en tabla el proyecto de un nuevo retiro<br>del 10 por ciento. Los legisladores proponen un \u00abanticipo de<br>fondos\u00bb sin obligaci\u00f3n de devoluci\u00f3n, en la pr\u00e1ctica otro<br>retiro.<\/p>\n\n\n\n<p>SANTIAGO.- Lo anterior, fue calificado por el ministro de<br>Hacienda, Mario Marcel, como un \u00abresquicio\u00bb. \u00abEl proyecto del<br>quinto retiro fue rechazado en la votaci\u00f3n en general en la<br>C\u00e1mara de Diputados. Entiendo que lo que se ha planteado es<br>distinguir entre discutir y votar, me parece que es un<br>resquicio para reabrir un tema que sabemos que no se puede<br>abrir hasta un a\u00f1o despu\u00e9s\u00bb, dijo.<\/p>\n","protected":false},"excerpt":{"rendered":"<p>SANTIAGO.- La vicepresidenta de la Rep\u00fablica, Carolina Toh\u00e1,inform\u00f3 que el Gobierno decidi\u00f3 aplicar la ley de SeguridadInterior del Estado en contra de los camioneros que est\u00e1ncortando rutas en distintos puntos&#8230; <a class=\"read-more\" href=\"https:\/\/www.radiopresidenteibanez.cl\/web\/boletin-informativo-orbe-3\/\">Leer m\u00e1s<\/a><\/p>\n","protected":false},"author":2,"featured_media":34878,"comment_status":"closed","ping_status":"closed","sticky":false,"template":"","format":"standard","meta":{"footnotes":""},"categories":[1],"tags":[],"class_list":["post-34877","post","type-post","status-publish","format-standard","has-post-thumbnail","hentry","category-cronica"],"_links":{"self":[{"href":"https:\/\/www.radiopresidenteibanez.cl\/web\/wp-json\/wp\/v2\/posts\/34877","targetHints":{"allow":["GET"]}}],"collection":[{"href":"https:\/\/www.radiopresidenteibanez.cl\/web\/wp-json\/wp\/v2\/posts"}],"about":[{"href":"https:\/\/www.radiopresidenteibanez.cl\/web\/wp-json\/wp\/v2\/types\/post"}],"author":[{"embeddable":true,"href":"https:\/\/www.radiopresidenteibanez.cl\/web\/wp-json\/wp\/v2\/users\/2"}],"replies":[{"embeddable":true,"href":"https:\/\/www.radiopresidenteibanez.cl\/web\/wp-json\/wp\/v2\/comments?post=34877"}],"version-history":[{"count":0,"href":"https:\/\/www.radiopresidenteibanez.cl\/web\/wp-json\/wp\/v2\/posts\/34877\/revisions"}],"wp:featuredmedia":[{"embeddable":true,"href":"https:\/\/www.radiopresidenteibanez.cl\/web\/wp-json\/wp\/v2\/media\/34878"}],"wp:attachment":[{"href":"https:\/\/www.radiopresidenteibanez.cl\/web\/wp-json\/wp\/v2\/media?parent=34877"}],"wp:term":[{"taxonomy":"category","embeddable":true,"href":"https:\/\/www.radiopresidenteibanez.cl\/web\/wp-json\/wp\/v2\/categories?post=34877"},{"taxonomy":"post_tag","embeddable":true,"href":"https:\/\/www.radiopresidenteibanez.cl\/web\/wp-json\/wp\/v2\/tags?post=34877"}],"curies":[{"name":"wp","href":"https:\/\/api.w.org\/{rel}","templated":true}]}}