{"id":34864,"date":"2022-11-23T15:37:00","date_gmt":"2022-11-23T18:37:00","guid":{"rendered":"https:\/\/www.radiopresidenteibanez.cl\/web\/?p=34864"},"modified":"2022-11-23T09:56:30","modified_gmt":"2022-11-23T12:56:30","slug":"cuatro-generaciones-de-estudiantes-de-enfermeria-de-la-umag-protagonizaron-masiva-ceremonia-de-investidura","status":"publish","type":"post","link":"https:\/\/www.radiopresidenteibanez.cl\/web\/cuatro-generaciones-de-estudiantes-de-enfermeria-de-la-umag-protagonizaron-masiva-ceremonia-de-investidura\/","title":{"rendered":"<a href=\"http:\/\/www.umag.cl\/vcm\/?p=59357\" target=\"_blank\" rel=\"noreferrer noopener\">Cuatro generaciones de estudiantes de Enfermer\u00eda de la UMAG protagonizaron masiva ceremonia de investidura<\/a>"},"content":{"rendered":"\n<p>El pasado fin de semana se realiz\u00f3 un importante acontecimiento en el gimnasio del Instituto Don Bosco, ya que decenas de estudiantes de Enfermer\u00eda de la Universidad de Magallanes (UMAG) participaron de su ceremonia de investidura. Esta instancia hab\u00eda sido postergada anteriormente debido al estallido social y a la pandemia del Covid-19, no obstante, en esta jornada fueron cuatro las generaciones que asistieron de forma masiva.<\/p>\n\n\n\n<p>En el lugar hubo una importante afluencia de padres, madres, hermanos\/as e hijos\/as que pudieron ver a las y los estudiantes de Enfermer\u00eda protagonizando&nbsp; esta emotiva y simb\u00f3lica ceremonia que se efectu\u00f3 con el af\u00e1n de seguir fortaleciendo la identidad con su carrera, su profesi\u00f3n, sus compa\u00f1eros\/as y la comunidad; a objeto de que se empoderen como futuros\/as profesionales.<\/p>\n\n\n\n<p>\u00abQuisimos realizar la investidura ya que en el estallido social y la pandemia no se pudo. Es necesario generar estas instancias donde los estudiantes que no tuvieron esa oportunidad puedan crear un sentido de pertenencia con la carrera, con los colores y con el uniforme. Enfermer\u00eda no solamente tiene que ver con las patolog\u00edas m\u00e9dicas del paciente, va mucho m\u00e1s all\u00e1; es sentir el dolor de las personas y saber c\u00f3mo sobrellevarlo\u00bb,&nbsp; manifest\u00f3 Rodrigo N\u00fa\u00f1ez, presidente del Centro de Estudiantes de Enfermer\u00eda.<\/p>\n\n\n\n<p>Distintas autoridades acad\u00e9micas estuvieron presentes en este evento, el que estuvo encabezado por el rector de la casa de estudios, Jos\u00e9 Maripani; la decana de la Facultad de Ciencias de la Salud, Mar\u00eda Cristina Furrianca; la directora del departamento de Enfermer\u00eda, Patricia Ruiz; la jefa de carrera de Enfermer\u00eda, Marisa Mansilla; y las enfermeras docentes, Mar\u00eda Luisa Fern\u00e1ndez y Ximena Navarro, entre otras.<\/p>\n\n\n\n<p>\u201cComo Universidad estamos muy contentos de que nuestra carrera de Enfermer\u00eda y la Facultad de Ciencias de la Salud hayan podido realizar la ceremonia de investidura. Tal vez lo m\u00e1s destacable es que uno se da cuenta de la importancia que tiene esta profesi\u00f3n; porque qu\u00e9 hubiese sido de nosotros en la pandemia sin los profesionales de la salud, as\u00ed que muy agradecido del trabajo y desarrollo de esta actividad\u201d, expres\u00f3 el rector Maripani.<\/p>\n\n\n\n<p>Por su parte, Marisa Mansilla, jefa de la carrera de Enfermer\u00eda, valor\u00f3 que todo el p\u00fablico asistente pudiera reunirse en un espacio tan amplio como el gimnasio del Instituto Don Bosco. Asimismo, detall\u00f3 que esta actividad simb\u00f3lica generalmente se realiza en segundo a\u00f1o cuando los estudiantes visten su uniforme por primera vez; momento que sirve para inculcarles valores y conocimientos en su trayectoria.<\/p>\n\n\n\n<p>Al respecto, concluy\u00f3 que \u00abesta ceremonia tan significativa para la carrera tuvo una importancia y relevancia especial porque se nos juntaron cuatro generaciones que no hab\u00edan podido realizar su investidura por diversos motivos, tanto sociales como de salud por la pandemia, por lo cual ahora s\u00ed pudimos vestirnos y hacer esta ceremonia de investidura que resulta esencial para el crecimiento de los estudiantes\u201d.<\/p>\n","protected":false},"excerpt":{"rendered":"<p>El pasado fin de semana se realiz\u00f3 un importante acontecimiento en el gimnasio del Instituto Don Bosco, ya que decenas de estudiantes de Enfermer\u00eda de la Universidad de Magallanes (UMAG)&#8230; <a class=\"read-more\" href=\"https:\/\/www.radiopresidenteibanez.cl\/web\/cuatro-generaciones-de-estudiantes-de-enfermeria-de-la-umag-protagonizaron-masiva-ceremonia-de-investidura\/\">Leer m\u00e1s<\/a><\/p>\n","protected":false},"author":2,"featured_media":34865,"comment_status":"closed","ping_status":"closed","sticky":false,"template":"","format":"standard","meta":{"footnotes":""},"categories":[1],"tags":[],"class_list":["post-34864","post","type-post","status-publish","format-standard","has-post-thumbnail","hentry","category-cronica"],"_links":{"self":[{"href":"https:\/\/www.radiopresidenteibanez.cl\/web\/wp-json\/wp\/v2\/posts\/34864","targetHints":{"allow":["GET"]}}],"collection":[{"href":"https:\/\/www.radiopresidenteibanez.cl\/web\/wp-json\/wp\/v2\/posts"}],"about":[{"href":"https:\/\/www.radiopresidenteibanez.cl\/web\/wp-json\/wp\/v2\/types\/post"}],"author":[{"embeddable":true,"href":"https:\/\/www.radiopresidenteibanez.cl\/web\/wp-json\/wp\/v2\/users\/2"}],"replies":[{"embeddable":true,"href":"https:\/\/www.radiopresidenteibanez.cl\/web\/wp-json\/wp\/v2\/comments?post=34864"}],"version-history":[{"count":0,"href":"https:\/\/www.radiopresidenteibanez.cl\/web\/wp-json\/wp\/v2\/posts\/34864\/revisions"}],"wp:featuredmedia":[{"embeddable":true,"href":"https:\/\/www.radiopresidenteibanez.cl\/web\/wp-json\/wp\/v2\/media\/34865"}],"wp:attachment":[{"href":"https:\/\/www.radiopresidenteibanez.cl\/web\/wp-json\/wp\/v2\/media?parent=34864"}],"wp:term":[{"taxonomy":"category","embeddable":true,"href":"https:\/\/www.radiopresidenteibanez.cl\/web\/wp-json\/wp\/v2\/categories?post=34864"},{"taxonomy":"post_tag","embeddable":true,"href":"https:\/\/www.radiopresidenteibanez.cl\/web\/wp-json\/wp\/v2\/tags?post=34864"}],"curies":[{"name":"wp","href":"https:\/\/api.w.org\/{rel}","templated":true}]}}