{"id":34846,"date":"2022-11-23T09:30:00","date_gmt":"2022-11-23T12:30:00","guid":{"rendered":"https:\/\/www.radiopresidenteibanez.cl\/web\/?p=34846"},"modified":"2022-11-23T08:33:09","modified_gmt":"2022-11-23T11:33:09","slug":"conecta-pjud-juzgado-de-letras-y-garantia-de-cabo-de-hornos-habilita-atencion-de-publico-virtual","status":"publish","type":"post","link":"https:\/\/www.radiopresidenteibanez.cl\/web\/conecta-pjud-juzgado-de-letras-y-garantia-de-cabo-de-hornos-habilita-atencion-de-publico-virtual\/","title":{"rendered":"<strong>CONECTA PJUD: JUZGADO DE LETRAS Y GARANT\u00cdA DE CABO DE HORNOS HABILITA ATENCI\u00d3N DE P\u00daBLICO VIRTUAL<\/strong>"},"content":{"rendered":"\n<p>A partir del martes 22 de noviembre- en la plataforma Conecta Pjud se hace presente el Juzgado de Letras y Garant\u00eda de Cabo de Hornos. Con ello no ser\u00e1 necesario ir presencialmente a dicho tribunal ya que se podr\u00e1 recibir atenci\u00f3n desde cualquier parte a trav\u00e9s de un computador o un celular que tenga conexi\u00f3n a internet. \u201cMediante la cual los usuarios del tribunal podr\u00e1n acceder a todo tipo de informaci\u00f3n sobre el estado de las causas en las cuales son parte, le podr\u00e1n se\u00f1alar el horario de las audiencias y el funcionamiento del tribunal,\u00a0 y cualquier informaci\u00f3n relevante que diga relaci\u00f3n con las causas de las cuales son part\u00edcipe\u201d, coment\u00f3 el juez (s) del Juzgado de Letras y Garant\u00eda de Cabo de Hornos, Ricardo Herrara Castillo.<\/p>\n\n\n\n<p>Para poder conectarse de forma retoma con funcionarios del juzgado m\u00e1s austral el mundo, se debe ingresar al sitio web: conecta.pjud.cl, completar el formulario con el rut y el n\u00famero de documento, y otros datos de contacto como el tel\u00e9fono y correo electr\u00f3nico. Una vez dentro de la plataforma se selecciona el juzgado de Cabo de Hornos y el motivo de la consulta. Finalmente se escoge alguna de las modalidades de atenci\u00f3n, ya sea por chat o por video llamada para contactarse con el funcionario o funcionaria del tribunal.<\/p>\n\n\n\n<p>Horario de atenci\u00f3n de lunes a viernes de 8 a 14 horas y los s\u00e1bado de 9 a 12 horas.<\/p>\n","protected":false},"excerpt":{"rendered":"<p>A partir del martes 22 de noviembre- en la plataforma Conecta Pjud se hace presente el Juzgado de Letras y Garant\u00eda de Cabo de Hornos. Con ello no ser\u00e1 necesario&#8230; <a class=\"read-more\" href=\"https:\/\/www.radiopresidenteibanez.cl\/web\/conecta-pjud-juzgado-de-letras-y-garantia-de-cabo-de-hornos-habilita-atencion-de-publico-virtual\/\">Leer m\u00e1s<\/a><\/p>\n","protected":false},"author":2,"featured_media":34847,"comment_status":"closed","ping_status":"closed","sticky":false,"template":"","format":"standard","meta":{"footnotes":""},"categories":[1],"tags":[],"class_list":["post-34846","post","type-post","status-publish","format-standard","has-post-thumbnail","hentry","category-cronica"],"_links":{"self":[{"href":"https:\/\/www.radiopresidenteibanez.cl\/web\/wp-json\/wp\/v2\/posts\/34846","targetHints":{"allow":["GET"]}}],"collection":[{"href":"https:\/\/www.radiopresidenteibanez.cl\/web\/wp-json\/wp\/v2\/posts"}],"about":[{"href":"https:\/\/www.radiopresidenteibanez.cl\/web\/wp-json\/wp\/v2\/types\/post"}],"author":[{"embeddable":true,"href":"https:\/\/www.radiopresidenteibanez.cl\/web\/wp-json\/wp\/v2\/users\/2"}],"replies":[{"embeddable":true,"href":"https:\/\/www.radiopresidenteibanez.cl\/web\/wp-json\/wp\/v2\/comments?post=34846"}],"version-history":[{"count":0,"href":"https:\/\/www.radiopresidenteibanez.cl\/web\/wp-json\/wp\/v2\/posts\/34846\/revisions"}],"wp:featuredmedia":[{"embeddable":true,"href":"https:\/\/www.radiopresidenteibanez.cl\/web\/wp-json\/wp\/v2\/media\/34847"}],"wp:attachment":[{"href":"https:\/\/www.radiopresidenteibanez.cl\/web\/wp-json\/wp\/v2\/media?parent=34846"}],"wp:term":[{"taxonomy":"category","embeddable":true,"href":"https:\/\/www.radiopresidenteibanez.cl\/web\/wp-json\/wp\/v2\/categories?post=34846"},{"taxonomy":"post_tag","embeddable":true,"href":"https:\/\/www.radiopresidenteibanez.cl\/web\/wp-json\/wp\/v2\/tags?post=34846"}],"curies":[{"name":"wp","href":"https:\/\/api.w.org\/{rel}","templated":true}]}}