{"id":34840,"date":"2022-11-22T19:10:00","date_gmt":"2022-11-22T22:10:00","guid":{"rendered":"https:\/\/www.radiopresidenteibanez.cl\/web\/?p=34840"},"modified":"2022-11-22T15:52:57","modified_gmt":"2022-11-22T18:52:57","slug":"punta-arenas-sera-el-epicentro-de-la-natacion-chilena","status":"publish","type":"post","link":"https:\/\/www.radiopresidenteibanez.cl\/web\/punta-arenas-sera-el-epicentro-de-la-natacion-chilena\/","title":{"rendered":"Punta Arenas ser\u00e1 el epicentro de la nataci\u00f3n chilena"},"content":{"rendered":"\n<p>Durante una semana, Punta Arenas ser\u00e1 el epicentro de la nataci\u00f3n chilena gracias a la realizaci\u00f3n del Campeonato Nacional Infantil de Primavera de esta disciplina, el que tendr\u00e1 lugar entre el 25 al 27 de noviembre en la piscina Fiscal de Punta Arenas.<\/p>\n\n\n\n<p>El evento, organizado por la Federaci\u00f3n Chilena de Deportes Acu\u00e1ticos (Fechida), reunir\u00e1 a cerca de 310 deportistas provenientes de todas las regiones de nuestro pa\u00eds y con la presencia del club Hispano Americano de Argentina.<\/p>\n\n\n\n<p>El Campeonato Nacional Infantil de Primavera contar\u00e1 con capacitaciones en la zona Austral del pa\u00eds, ya que los d\u00edas previos al evento se impartir\u00e1n cl\u00ednicas y cursos de nataci\u00f3n para \u00e1rbitros, jueces, entrenadores y nadadores. M\u00e1s informaci\u00f3n sobre los horarios en el Instagram @<a href=\"http:\/\/fechida.cl\/\" target=\"_blank\" rel=\"noreferrer noopener\">fechida.cl<\/a>&nbsp;<\/p>\n","protected":false},"excerpt":{"rendered":"<p>Durante una semana, Punta Arenas ser\u00e1 el epicentro de la nataci\u00f3n chilena gracias a la realizaci\u00f3n del Campeonato Nacional Infantil de Primavera de esta disciplina, el que tendr\u00e1 lugar entre&#8230; <a class=\"read-more\" href=\"https:\/\/www.radiopresidenteibanez.cl\/web\/punta-arenas-sera-el-epicentro-de-la-natacion-chilena\/\">Leer m\u00e1s<\/a><\/p>\n","protected":false},"author":2,"featured_media":34841,"comment_status":"closed","ping_status":"closed","sticky":false,"template":"","format":"standard","meta":{"footnotes":""},"categories":[1],"tags":[],"class_list":["post-34840","post","type-post","status-publish","format-standard","has-post-thumbnail","hentry","category-cronica"],"_links":{"self":[{"href":"https:\/\/www.radiopresidenteibanez.cl\/web\/wp-json\/wp\/v2\/posts\/34840","targetHints":{"allow":["GET"]}}],"collection":[{"href":"https:\/\/www.radiopresidenteibanez.cl\/web\/wp-json\/wp\/v2\/posts"}],"about":[{"href":"https:\/\/www.radiopresidenteibanez.cl\/web\/wp-json\/wp\/v2\/types\/post"}],"author":[{"embeddable":true,"href":"https:\/\/www.radiopresidenteibanez.cl\/web\/wp-json\/wp\/v2\/users\/2"}],"replies":[{"embeddable":true,"href":"https:\/\/www.radiopresidenteibanez.cl\/web\/wp-json\/wp\/v2\/comments?post=34840"}],"version-history":[{"count":0,"href":"https:\/\/www.radiopresidenteibanez.cl\/web\/wp-json\/wp\/v2\/posts\/34840\/revisions"}],"wp:featuredmedia":[{"embeddable":true,"href":"https:\/\/www.radiopresidenteibanez.cl\/web\/wp-json\/wp\/v2\/media\/34841"}],"wp:attachment":[{"href":"https:\/\/www.radiopresidenteibanez.cl\/web\/wp-json\/wp\/v2\/media?parent=34840"}],"wp:term":[{"taxonomy":"category","embeddable":true,"href":"https:\/\/www.radiopresidenteibanez.cl\/web\/wp-json\/wp\/v2\/categories?post=34840"},{"taxonomy":"post_tag","embeddable":true,"href":"https:\/\/www.radiopresidenteibanez.cl\/web\/wp-json\/wp\/v2\/tags?post=34840"}],"curies":[{"name":"wp","href":"https:\/\/api.w.org\/{rel}","templated":true}]}}