{"id":3483,"date":"2019-04-17T15:24:03","date_gmt":"2019-04-17T15:24:03","guid":{"rendered":"http:\/\/www.radiopresidenteibanez.cl\/web\/?p=3483"},"modified":"2019-04-17T15:24:58","modified_gmt":"2019-04-17T15:24:58","slug":"fallecio-jorge-rogel-una-raiz-de-chile-en-rio-gallegos","status":"publish","type":"post","link":"https:\/\/www.radiopresidenteibanez.cl\/web\/fallecio-jorge-rogel-una-raiz-de-chile-en-rio-gallegos\/","title":{"rendered":"FALLECI\u00d3 JORGE ROGEL, UNA RA\u00cdZ DE CHILE EN R\u00cdO GALLEGOS"},"content":{"rendered":"\n<p>Muri\u00f3 Jorge Rogel, un animador de radio y promotor de la cultura chilena en R\u00edo Gallegos, luego de permanecer 15 d\u00edas internado por un ACV que lo sorprendi\u00f3 en pleno programa de radio.<\/p>\n\n\n\n<p>La noticia de su fallecimiento cay\u00f3 como baldazo de agua fr\u00eda ayer por la tarde noche en El Canelo cuando sus seres queridos realizaban un festival a beneficio, por la dificultad de costear los gastos durante su recuperaci\u00f3n.<\/p>\n\n\n\n<p>Rogel conduc\u00eda con la alegr\u00eda que lo caracterizaba al aire los programas\u00a0<br>Pehuen y Ra\u00edz Azteca.<\/p>\n\n\n\n<figure class=\"wp-block-image\"><img loading=\"lazy\" decoding=\"async\" width=\"700\" height=\"482\" src=\"https:\/\/www.radiopresidenteibanez.cl\/web\/wp-content\/uploads\/2019\/04\/Jorge-Rogel.jpg\" alt=\"\" class=\"wp-image-3484\" srcset=\"https:\/\/www.radiopresidenteibanez.cl\/web\/wp-content\/uploads\/2019\/04\/Jorge-Rogel.jpg 700w, https:\/\/www.radiopresidenteibanez.cl\/web\/wp-content\/uploads\/2019\/04\/Jorge-Rogel-300x207.jpg 300w\" sizes=\"auto, (max-width: 700px) 100vw, 700px\" \/><\/figure>\n","protected":false},"excerpt":{"rendered":"<p>Muri\u00f3 Jorge Rogel, un animador de radio y promotor de la cultura chilena en R\u00edo Gallegos, luego de permanecer 15 d\u00edas internado por un ACV que lo sorprendi\u00f3 en pleno&#8230; <a class=\"read-more\" href=\"https:\/\/www.radiopresidenteibanez.cl\/web\/fallecio-jorge-rogel-una-raiz-de-chile-en-rio-gallegos\/\">Leer m\u00e1s<\/a><\/p>\n","protected":false},"author":2,"featured_media":3484,"comment_status":"closed","ping_status":"closed","sticky":false,"template":"","format":"standard","meta":{"footnotes":""},"categories":[1],"tags":[],"class_list":["post-3483","post","type-post","status-publish","format-standard","has-post-thumbnail","hentry","category-cronica"],"_links":{"self":[{"href":"https:\/\/www.radiopresidenteibanez.cl\/web\/wp-json\/wp\/v2\/posts\/3483","targetHints":{"allow":["GET"]}}],"collection":[{"href":"https:\/\/www.radiopresidenteibanez.cl\/web\/wp-json\/wp\/v2\/posts"}],"about":[{"href":"https:\/\/www.radiopresidenteibanez.cl\/web\/wp-json\/wp\/v2\/types\/post"}],"author":[{"embeddable":true,"href":"https:\/\/www.radiopresidenteibanez.cl\/web\/wp-json\/wp\/v2\/users\/2"}],"replies":[{"embeddable":true,"href":"https:\/\/www.radiopresidenteibanez.cl\/web\/wp-json\/wp\/v2\/comments?post=3483"}],"version-history":[{"count":0,"href":"https:\/\/www.radiopresidenteibanez.cl\/web\/wp-json\/wp\/v2\/posts\/3483\/revisions"}],"wp:featuredmedia":[{"embeddable":true,"href":"https:\/\/www.radiopresidenteibanez.cl\/web\/wp-json\/wp\/v2\/media\/3484"}],"wp:attachment":[{"href":"https:\/\/www.radiopresidenteibanez.cl\/web\/wp-json\/wp\/v2\/media?parent=3483"}],"wp:term":[{"taxonomy":"category","embeddable":true,"href":"https:\/\/www.radiopresidenteibanez.cl\/web\/wp-json\/wp\/v2\/categories?post=3483"},{"taxonomy":"post_tag","embeddable":true,"href":"https:\/\/www.radiopresidenteibanez.cl\/web\/wp-json\/wp\/v2\/tags?post=3483"}],"curies":[{"name":"wp","href":"https:\/\/api.w.org\/{rel}","templated":true}]}}