{"id":34804,"date":"2022-11-21T18:54:00","date_gmt":"2022-11-21T21:54:00","guid":{"rendered":"https:\/\/www.radiopresidenteibanez.cl\/web\/?p=34804"},"modified":"2022-11-21T15:58:03","modified_gmt":"2022-11-21T18:58:03","slug":"estudiantes-magallanicas-participaron-en-concurso-nacional-de-piano-para-ninos-y-ninas","status":"publish","type":"post","link":"https:\/\/www.radiopresidenteibanez.cl\/web\/estudiantes-magallanicas-participaron-en-concurso-nacional-de-piano-para-ninos-y-ninas\/","title":{"rendered":"ESTUDIANTES MAGALL\u00c1NICAS PARTICIPARON EN CONCURSO NACIONAL DE PIANO PARA NI\u00d1OS Y NI\u00d1AS"},"content":{"rendered":"\n<p>El pasado 19 de noviembre de realiz\u00f3 en la ciudad de Valdivia el<strong>\u00a0\u201cVIII Concurso de Piano para Ni\u00f1os\u201d<\/strong>, organizado por la\u00a0<em>Sede Sur Austral de la Asociaci\u00f3n Latinoamericana de Profesores de Piano<\/em>, ALAPP,\u00a0\u00a0y convoc\u00f3 a estudiantes de las regiones del B\u00edo B\u00edo, La Araucan\u00eda, Los R\u00edos, Los Lagos, Ays\u00e9n\u00a0\u00a0y\u00a0\u00a0Magallanes.<\/p>\n\n\n\n<p>Este prestigioso concurso se divide en tres niveles: Primer Nivel, ni\u00f1o hasta 10 a\u00f1os; Segundo Nivel, ni\u00f1os hasta 13 a\u00f1os y Tercer Nivel, estudiantes hasta 16 a\u00f1os.<\/p>\n\n\n\n<p>Representando a Magallanes participaron dos estudiantes en el concurso, estudiantes de la compositora y maestra de piano&nbsp;<em>Karina Contreras Galindo<\/em>, quienes tuvieron una destacada participaci\u00f3n siendo premiadas:&nbsp;<em>Amelie Navarro Reyes<\/em>&nbsp;y&nbsp;<em>Danae Escobar Colhu\u00e1n.<\/em><\/p>\n\n\n\n<p><em>Amelie Navarro Reyes<\/em>&nbsp;(estudiante del Insafa) logr\u00f3 el segundo lugar en el Primer Nivel del Concurso (categor\u00eda hasta 10 a\u00f1os)&nbsp;&nbsp;y&nbsp;&nbsp;<em>Danae Escobar Colhu\u00e1n&nbsp;<\/em>(estudiante del Liceo Juan Bautista Contardi) logr\u00f3 el tercer lugar en el Tercer Nivel del concurso (categor\u00eda hasta 16 a\u00f1os), con lo cual la alumna Danae Escobar gan\u00f3 el presente a\u00f1o el \u201c\u00fanico cupo\u201d para ser pianista acompa\u00f1ante de la Orquesta FOJI en Magallanes.<\/p>\n\n\n\n<p>Este martes 22 de noviembre se presentar\u00e1n las\/los estudiantes de guitarra y piano de Karina Contreras por el d\u00eda de Santa Cecilia, patrona de los M\u00fasicos.<\/p>\n\n\n\n<p>Esta presentaci\u00f3n se realizar\u00e1 en el Club de la Uni\u00f3n de Punta Arenas a las 19:00 hrs. En la ocasi\u00f3n participar\u00e1n las premiadas estudiantes del&nbsp;&nbsp;<em>\u201cVIII Concurso de Piano de Ni\u00f1os\u201d<\/em>&nbsp;&nbsp;que organiz\u00f3 ALAPP SUR en la ciudad de Valdivia el pasado s\u00e1bado 19 de noviembre,&nbsp;<em>Danae Escobar Colhu\u00e1n&nbsp;<\/em>y&nbsp;<em>Amelie Navarro Reyes<\/em>. Como profesora de composici\u00f3n,&nbsp;<em>Karina Contreras<\/em>, destaca los resultados obtenidos con el estudiante de Composici\u00f3n Tom\u00e1s Mu\u00f1oz Marz\u00e1n, qui\u00e9n hoy se encuentra continuando estudios en Canad\u00e1 tras ser aceptado en \u201c<em>Vancouver Academy of Music<\/em>\u201d.<\/p>\n","protected":false},"excerpt":{"rendered":"<p>El pasado 19 de noviembre de realiz\u00f3 en la ciudad de Valdivia el\u00a0\u201cVIII Concurso de Piano para Ni\u00f1os\u201d, organizado por la\u00a0Sede Sur Austral de la Asociaci\u00f3n Latinoamericana de Profesores de&#8230; <a class=\"read-more\" href=\"https:\/\/www.radiopresidenteibanez.cl\/web\/estudiantes-magallanicas-participaron-en-concurso-nacional-de-piano-para-ninos-y-ninas\/\">Leer m\u00e1s<\/a><\/p>\n","protected":false},"author":2,"featured_media":34805,"comment_status":"closed","ping_status":"closed","sticky":false,"template":"","format":"standard","meta":{"footnotes":""},"categories":[1],"tags":[],"class_list":["post-34804","post","type-post","status-publish","format-standard","has-post-thumbnail","hentry","category-cronica"],"_links":{"self":[{"href":"https:\/\/www.radiopresidenteibanez.cl\/web\/wp-json\/wp\/v2\/posts\/34804","targetHints":{"allow":["GET"]}}],"collection":[{"href":"https:\/\/www.radiopresidenteibanez.cl\/web\/wp-json\/wp\/v2\/posts"}],"about":[{"href":"https:\/\/www.radiopresidenteibanez.cl\/web\/wp-json\/wp\/v2\/types\/post"}],"author":[{"embeddable":true,"href":"https:\/\/www.radiopresidenteibanez.cl\/web\/wp-json\/wp\/v2\/users\/2"}],"replies":[{"embeddable":true,"href":"https:\/\/www.radiopresidenteibanez.cl\/web\/wp-json\/wp\/v2\/comments?post=34804"}],"version-history":[{"count":0,"href":"https:\/\/www.radiopresidenteibanez.cl\/web\/wp-json\/wp\/v2\/posts\/34804\/revisions"}],"wp:featuredmedia":[{"embeddable":true,"href":"https:\/\/www.radiopresidenteibanez.cl\/web\/wp-json\/wp\/v2\/media\/34805"}],"wp:attachment":[{"href":"https:\/\/www.radiopresidenteibanez.cl\/web\/wp-json\/wp\/v2\/media?parent=34804"}],"wp:term":[{"taxonomy":"category","embeddable":true,"href":"https:\/\/www.radiopresidenteibanez.cl\/web\/wp-json\/wp\/v2\/categories?post=34804"},{"taxonomy":"post_tag","embeddable":true,"href":"https:\/\/www.radiopresidenteibanez.cl\/web\/wp-json\/wp\/v2\/tags?post=34804"}],"curies":[{"name":"wp","href":"https:\/\/api.w.org\/{rel}","templated":true}]}}