{"id":34801,"date":"2022-11-21T17:39:00","date_gmt":"2022-11-21T20:39:00","guid":{"rendered":"https:\/\/www.radiopresidenteibanez.cl\/web\/?p=34801"},"modified":"2022-11-21T15:54:15","modified_gmt":"2022-11-21T18:54:15","slug":"guardaparques-de-torres-del-paine-aceptan-oferta-del-gobierno-y-habilitan-senderos-del-parque-nacional-y-cueva-del-milodon","status":"publish","type":"post","link":"https:\/\/www.radiopresidenteibanez.cl\/web\/guardaparques-de-torres-del-paine-aceptan-oferta-del-gobierno-y-habilitan-senderos-del-parque-nacional-y-cueva-del-milodon\/","title":{"rendered":"<strong>Guardaparques de Torres del Paine aceptan oferta del Gobierno y habilitan senderos del parque nacional y Cueva del Milod\u00f3n\u00a0<\/strong>"},"content":{"rendered":"\n<p>Tras extensas negociaciones, los guardaparques de la regi\u00f3n de Magallanes aceptaron la propuesta del Gobierno y que tambi\u00e9n contempla aportes del gobierno regional y del municipio.&nbsp;<\/p>\n\n\n\n<p>De esta manera los funcionarios se comprometieron a abrir al p\u00fablico, a contar de las 12:30 horas de hoy, los senderos del Parque Nacional Torres del Paine y del Monumento Natural Cueva del Milod\u00f3n. Tal como lo informaron y sin perjuicio de lo anterior, el Parque Nacional Torres del Paine y todas las \u00e1reas protegidas de la regi\u00f3n se mantienen dentro de la movilizaci\u00f3n nacional de las y los guardaparques de Chile. &nbsp;<\/p>\n\n\n\n<p>Adicionalmente, el 23 de noviembre, los guardaparques de la Regi\u00f3n de Magallanes y de la Ant\u00e1rtica Chilena depondr\u00e1n, a todo evento, el paro y a partir de esta fecha, las \u00e1reas protegidas de la regi\u00f3n normalizar\u00e1n sus actividades y los guardaparques regresar\u00e1n a sus funciones normales.&nbsp;<\/p>\n\n\n\n<p>Este escenario es posible a gracias a que el Gobierno de Chile, a trav\u00e9s de la Conaf, realiz\u00f3 un esfuerzo relevante para lograr un acuerdo con los sindicatos, propuesta que se extendi\u00f3 a todos los funcionarios de Conaf, con una inversi\u00f3n de $2.900 millones que se focalizar\u00e1n principalmente en mejoras de remuneraciones e infraestructura.&nbsp;&nbsp;<\/p>\n\n\n\n<p>El ofrecimiento contempla mejoras en las remuneraciones para el personal de guardaparques jornales transitorios, donde todos aquellos trabajadores que cumplan funciones de guardaparques y reciban un sueldo l\u00edquido menor a $500 mil pesos, tendr\u00e1n un incremento en su remuneraci\u00f3n, a contar del mes de diciembre 2022. Con este aumento el sueldo l\u00edquido legal llegar\u00e1 hasta $500 mil pesos.&nbsp;&nbsp;<\/p>\n\n\n\n<p>Esto significa un aumento de grado 20 a 19 en la Escala \u00danica de Remuneraciones (EUR) para todo el personal de CONAF, lo que significa mejorar las remuneraciones de los 245 trabajadores y trabajadoras de la Corporaci\u00f3n que hoy est\u00e1n en grado 20.&nbsp;<\/p>\n\n\n\n<p>Adicionalmente, se estableci\u00f3 la f\u00f3rmula para pagar las horas&nbsp;extraordinarias que se generen en acuerdo a los turnos determinados por la regi\u00f3n con un tope de 25 horas, realizadas en los meses de noviembre y diciembre del a\u00f1o 2022 y enero y febrero de 2023.&nbsp;<\/p>\n\n\n\n<p>Adem\u00e1s, se otorgar\u00e1 un beneficio de alimentaci\u00f3n por $100.000 mensuales, por un per\u00edodo de 4 meses, a contar del mes de diciembre 2022 y otorgarse en una modalidad de tarjeta giftcard, que ser\u00e1 gestionado por el municipio de Torres del Paine.&nbsp;<\/p>\n\n\n\n<p>Junto con eso se establecer\u00e1 alojamiento gratuito para personal guardaparques transitorios durante sus d\u00edas libres, teniendo como lugar de residencia la ciudad de Puerto Natales. Este beneficio se otorgar\u00e1 en un plazo de 2 a\u00f1os, mientras se ejecute la presentaci\u00f3n de un proyecto de albergue financiado con aportes regionales y ser\u00e1 empujado por la delegaci\u00f3n.&nbsp;<\/p>\n\n\n\n<p>A eso, se suma la renovaci\u00f3n de equipamiento y mobiliario para las unidades del Sistema Nacional de \u00c1reas Silvestres Protegidas del Estado (SNASPE), con un aporte fiscal de $291.000.000 para renovaci\u00f3n y adquisici\u00f3n de activos no financieros para estas unidades, ya que con estos recursos se comenzar\u00e1 a dar soluci\u00f3n a las necesidades de habitabilidad, permitiendo adquirir: estanques de agua, equipos fotovoltaicos, generadores el\u00e9ctricos y renovaci\u00f3n de mobiliario, entre otros elementos.&nbsp;&nbsp;<\/p>\n\n\n\n<p>El ofrecimiento se puso sobre la mesa&nbsp;&nbsp;durante la jornada del jueves pasado cuando, en el Parque Nacional Torres del Paine, el director ejecutivo de la Corporaci\u00f3n Nacional Forestal (Conaf), Christian Little, acompa\u00f1ado de directivos de la Corporaci\u00f3n y la directora regional de Conaf Magallanes, Alejandra Silva se reuni\u00f3 con las y los guardaparques de esa regi\u00f3n, cita en la que se ratific\u00f3 la propuesta&nbsp;&nbsp;de mejoras respondiendo a sus demandas y as\u00ed poder llegar a un acuerdo para finalizar la movilizaci\u00f3n nacional.&nbsp;<\/p>\n","protected":false},"excerpt":{"rendered":"<p>Tras extensas negociaciones, los guardaparques de la regi\u00f3n de Magallanes aceptaron la propuesta del Gobierno y que tambi\u00e9n contempla aportes del gobierno regional y del municipio.&nbsp; De esta manera los&#8230; <a class=\"read-more\" href=\"https:\/\/www.radiopresidenteibanez.cl\/web\/guardaparques-de-torres-del-paine-aceptan-oferta-del-gobierno-y-habilitan-senderos-del-parque-nacional-y-cueva-del-milodon\/\">Leer m\u00e1s<\/a><\/p>\n","protected":false},"author":2,"featured_media":34802,"comment_status":"closed","ping_status":"closed","sticky":false,"template":"","format":"standard","meta":{"footnotes":""},"categories":[1],"tags":[],"class_list":["post-34801","post","type-post","status-publish","format-standard","has-post-thumbnail","hentry","category-cronica"],"_links":{"self":[{"href":"https:\/\/www.radiopresidenteibanez.cl\/web\/wp-json\/wp\/v2\/posts\/34801","targetHints":{"allow":["GET"]}}],"collection":[{"href":"https:\/\/www.radiopresidenteibanez.cl\/web\/wp-json\/wp\/v2\/posts"}],"about":[{"href":"https:\/\/www.radiopresidenteibanez.cl\/web\/wp-json\/wp\/v2\/types\/post"}],"author":[{"embeddable":true,"href":"https:\/\/www.radiopresidenteibanez.cl\/web\/wp-json\/wp\/v2\/users\/2"}],"replies":[{"embeddable":true,"href":"https:\/\/www.radiopresidenteibanez.cl\/web\/wp-json\/wp\/v2\/comments?post=34801"}],"version-history":[{"count":0,"href":"https:\/\/www.radiopresidenteibanez.cl\/web\/wp-json\/wp\/v2\/posts\/34801\/revisions"}],"wp:featuredmedia":[{"embeddable":true,"href":"https:\/\/www.radiopresidenteibanez.cl\/web\/wp-json\/wp\/v2\/media\/34802"}],"wp:attachment":[{"href":"https:\/\/www.radiopresidenteibanez.cl\/web\/wp-json\/wp\/v2\/media?parent=34801"}],"wp:term":[{"taxonomy":"category","embeddable":true,"href":"https:\/\/www.radiopresidenteibanez.cl\/web\/wp-json\/wp\/v2\/categories?post=34801"},{"taxonomy":"post_tag","embeddable":true,"href":"https:\/\/www.radiopresidenteibanez.cl\/web\/wp-json\/wp\/v2\/tags?post=34801"}],"curies":[{"name":"wp","href":"https:\/\/api.w.org\/{rel}","templated":true}]}}