{"id":34798,"date":"2022-11-21T16:23:00","date_gmt":"2022-11-21T19:23:00","guid":{"rendered":"https:\/\/www.radiopresidenteibanez.cl\/web\/?p=34798"},"modified":"2022-11-21T15:49:36","modified_gmt":"2022-11-21T18:49:36","slug":"mas-de-3-mil-atenciones-veterinarias-ha-realizado-la-municipalidad-de-punta-arenas-durante-el-2022","status":"publish","type":"post","link":"https:\/\/www.radiopresidenteibanez.cl\/web\/mas-de-3-mil-atenciones-veterinarias-ha-realizado-la-municipalidad-de-punta-arenas-durante-el-2022\/","title":{"rendered":"<strong>M\u00c1S DE 3 MIL ATENCIONES VETERINARIAS HA REALIZADO LA MUNICIPALIDAD DE PUNTA ARENAS DURANTE EL 2022\u00a0<\/strong>"},"content":{"rendered":"\n<p>En el marco del fomento de la tenencia responsable de mascotas, la Municipalidad de Punta Arenas, contin\u00faa desarrollando operativos caninos\/felinos, con el objetivo de poner a disposici\u00f3n de la comunidad servicios de implantaci\u00f3n de microchip, vacunas antirr\u00e1bicas, antiparasitarios y orientaci\u00f3n y apoyo en el registro en la plataforma&nbsp;&nbsp;<a href=\"https:\/\/registratumascota.cl\/\" target=\"_blank\" rel=\"noreferrer noopener\">https:\/\/registratumascota.cl<\/a>&nbsp;<\/p>\n\n\n\n<p>Es en ese sentido, que el pasado s\u00e1bado 19 de noviembre, un equipo municipal particip\u00f3 de la Feria Comercial del Barrio 18 de septiembre, instancia en la que pudieron atender a cerca de 70 mascotas en un nuevo operativo.&nbsp;<\/p>\n\n\n\n<p>\u201cLo que estamos buscando es que este tipo de operativos sean algo continuo, por lo que la pr\u00f3xima semana tenemos 3 instancias vinculadas a la tenencia responsable, las cuales se realizan en sedes vecinales y con cupos acotados, de tal forma de concretar una cobertura territorial importante durante el a\u00f1o\u201d, expres\u00f3 el Alcalde Radonich.&nbsp;<\/p>\n\n\n\n<p>Marcela Ruiz Vergara, una de las asistentes a la Feria y que aprovech\u00f3 la ocasi\u00f3n para llevar a su mascota \u201cBella\u201d, dijo que \u201cme parece perfecto y excelente porque hay gente que no tiene los recursos, pero si la responsabilidad de cuidar a sus animalitos, entonces poder vacunarlos es fenomenal\u201d.&nbsp;<\/p>\n\n\n\n<p>Asimismo, Yani, quien tambi\u00e9n lleg\u00f3 hasta la Escuela 18 de septiembre junto a su perrita, agradeci\u00f3 la oportunidad y manifest\u00f3 que \u201cle colocaron el chip y una vacuna de refuerzo, por lo que me parece muy bien, porque no todos tenemos el alcance de poder pagar\u201d.&nbsp;<\/p>\n\n\n\n<p>El jefe comunal agreg\u00f3 que \u201chasta ahora llevamos 2 mil atenciones, tanto en perros como en gatos, esto sumado a las poco m\u00e1s de mil atenciones veterinarias que contemplan esterilizaciones, y esperamos terminar el a\u00f1o con m\u00e1s operativos\u201d.&nbsp;<\/p>\n\n\n\n<p>De igual forma, Radonich adelant\u00f3 que el d\u00eda s\u00e1bado 26 de noviembre habr\u00e1 un operativo masivo en la Escuela Portugal, desde las 14 y hasta las 18 horas, con un cupo importante y que dice relaci\u00f3n con otorgar el tiempo adecuado y pertinente para cada atenci\u00f3n, pensando tambi\u00e9n en quienes acompa\u00f1an a sus mascotas.&nbsp;<\/p>\n\n\n\n<p>Para quienes requieran mayor informaci\u00f3n pueden escribir a&nbsp;<a href=\"mailto:tenenciaresponsable@e-puntaarenas.cl\" target=\"_blank\" rel=\"noreferrer noopener\">tenenciaresponsable@e-puntaarenas.cl<\/a>&nbsp;<\/p>\n\n\n\n<p><strong>SERVICIOS VETERINARIOS 2022&nbsp;<\/strong><\/p>\n\n\n\n<p>En lo que va del a\u00f1o en curso, se han concretado 1253 prestaciones veterinarias, lo cual incluye 467 esterilizaciones caninas, 322 esterilizaciones felinas, 401 atenciones primarias&nbsp;&nbsp;y 60 atenciones de urgencia.&nbsp;<\/p>\n\n\n\n<p>A ello debemos sumar los 53 operativos desarrollados hasta ahora en diversos espacios y sectores de la ciudad, en lo que se han atendido a 1950 mascotas con servicios de vacunas antirr\u00e1bicas, instalaci\u00f3n de microchips, antiparasitarios y la inscripci\u00f3n al registro nacional.&nbsp;<\/p>\n\n\n\n<p>Finalmente, desde el \u00e1rea de tenencia responsable, informaron que durante el presente a\u00f1o 55 perritos han sido adoptados desde el canil o en diversas actividades p\u00fablicas, por lo que al d\u00eda de hoy tenemos 46 perros en el canil de nuestra ciudad, por lo que el mensaje es \u201cNO compre, ADOPTE\u201d&nbsp;<\/p>\n","protected":false},"excerpt":{"rendered":"<p>En el marco del fomento de la tenencia responsable de mascotas, la Municipalidad de Punta Arenas, contin\u00faa desarrollando operativos caninos\/felinos, con el objetivo de poner a disposici\u00f3n de la comunidad&#8230; <a class=\"read-more\" href=\"https:\/\/www.radiopresidenteibanez.cl\/web\/mas-de-3-mil-atenciones-veterinarias-ha-realizado-la-municipalidad-de-punta-arenas-durante-el-2022\/\">Leer m\u00e1s<\/a><\/p>\n","protected":false},"author":2,"featured_media":34799,"comment_status":"closed","ping_status":"closed","sticky":false,"template":"","format":"standard","meta":{"footnotes":""},"categories":[1],"tags":[],"class_list":["post-34798","post","type-post","status-publish","format-standard","has-post-thumbnail","hentry","category-cronica"],"_links":{"self":[{"href":"https:\/\/www.radiopresidenteibanez.cl\/web\/wp-json\/wp\/v2\/posts\/34798","targetHints":{"allow":["GET"]}}],"collection":[{"href":"https:\/\/www.radiopresidenteibanez.cl\/web\/wp-json\/wp\/v2\/posts"}],"about":[{"href":"https:\/\/www.radiopresidenteibanez.cl\/web\/wp-json\/wp\/v2\/types\/post"}],"author":[{"embeddable":true,"href":"https:\/\/www.radiopresidenteibanez.cl\/web\/wp-json\/wp\/v2\/users\/2"}],"replies":[{"embeddable":true,"href":"https:\/\/www.radiopresidenteibanez.cl\/web\/wp-json\/wp\/v2\/comments?post=34798"}],"version-history":[{"count":0,"href":"https:\/\/www.radiopresidenteibanez.cl\/web\/wp-json\/wp\/v2\/posts\/34798\/revisions"}],"wp:featuredmedia":[{"embeddable":true,"href":"https:\/\/www.radiopresidenteibanez.cl\/web\/wp-json\/wp\/v2\/media\/34799"}],"wp:attachment":[{"href":"https:\/\/www.radiopresidenteibanez.cl\/web\/wp-json\/wp\/v2\/media?parent=34798"}],"wp:term":[{"taxonomy":"category","embeddable":true,"href":"https:\/\/www.radiopresidenteibanez.cl\/web\/wp-json\/wp\/v2\/categories?post=34798"},{"taxonomy":"post_tag","embeddable":true,"href":"https:\/\/www.radiopresidenteibanez.cl\/web\/wp-json\/wp\/v2\/tags?post=34798"}],"curies":[{"name":"wp","href":"https:\/\/api.w.org\/{rel}","templated":true}]}}