{"id":3479,"date":"2019-04-17T14:42:36","date_gmt":"2019-04-17T14:42:36","guid":{"rendered":"http:\/\/www.radiopresidenteibanez.cl\/web\/?p=3479"},"modified":"2019-04-17T14:43:06","modified_gmt":"2019-04-17T14:43:06","slug":"compromiso-bicentenario-2019-tuvo-amplio-respaldo-de-la-comunidad-escolar-del-liceo-luis-alberto-barrera","status":"publish","type":"post","link":"https:\/\/www.radiopresidenteibanez.cl\/web\/compromiso-bicentenario-2019-tuvo-amplio-respaldo-de-la-comunidad-escolar-del-liceo-luis-alberto-barrera\/","title":{"rendered":"COMPROMISO BICENTENARIO 2019 TUVO AMPLIO RESPALDO DE LA COMUNIDAD ESCOLAR DEL LICEO LUIS ALBERTO BARRERA"},"content":{"rendered":"\n<p>Con la presencia de representantes de toda la comunidad educativa del Liceo Luis Alberto Barrera de Punta Arenas, se llev\u00f3 a cabo la firma del Compromiso Bicentenario, actividad que cont\u00f3 con el respaldo del Intendente Regional Jos\u00e9 Fern\u00e1ndez D\u00fcbrock, Seremis, representantes de la Corporaci\u00f3n Municipal de Punta Arenas, docentes, estudiantes, padres y apoderados.<\/p>\n\n\n\n<p>El objetivo de la firma de este compromiso es reforzar el acuerdo entre todos los actores de la comunidad escolar con los proyectos educativos de los que participan y las metas de calidad que les exige el Ministerio de Educaci\u00f3n a todos los Liceos Bicentenario y de Excelencia Acad\u00e9mica.<\/p>\n\n\n\n<p>La sencilla ceremonia incluy\u00f3 la lectura del compromiso y la firma formal en un documento, el que ser\u00e1 exhibido en cada liceo, y a trav\u00e9s del cual la comunidad escolar podr\u00e1 reconocer las&nbsp;metas desafiantes que deben cumplir como ubicarse entre los mejores establecimientos en resultados SIMCE o implementar modelos innovadores con el sector productivo, para generar las condiciones que permitan que los estudiantes que lo deseen contin\u00faen estudios superiores.<\/p>\n\n\n\n<p>Por su parte, el Mineduc se ha comprometido a acompa\u00f1ar en este proceso a la comunidad, en su camino a convertirse en un liceo de excelencia. Para ello entregar\u00e1 no s\u00f3lo los recursos para mejorar las condiciones del establecimiento, sino que aportar\u00e1 materiales y apoyo pedag\u00f3gico que pone el foco en los estudiantes.<\/p>\n\n\n\n<p>Para la Seremi de Educaci\u00f3n Beatriz S\u00e1nchez Ca\u00f1ete, lo m\u00e1s destacable de este compromiso es el esfuerzo que realizan docentes y estudiantes del Liceo Luis Alberto Barrera. \u201cEste compromiso es para que este Liceo Bicentenario se convierta en un Liceo de Excelencia porque tiene todos los atributos para lograrlo. Y hoy hemos visto que cada estudiante y docente se ha comprometido a aumentar sus metas, que ser\u00e1n cada vez m\u00e1s exigentes, como elevar su rendimiento en el Simce o generar opciones para que los estudiantes puedan seguir sus estudios superiores. Este es un compromiso a nivel pa\u00eds y es un hito a nivel regional\u201d.<\/p>\n\n\n\n<p>Por su parte, el Director del Liceo LAB, Jos\u00e9 Mart\u00ednez dijo: \u201cEste compromiso viene a reforzar el apoyo del nivel central con todos los liceos bicentenario de Chile y con todas las autoridades vinculadas a la educaci\u00f3n y del gobierno regional. Nosotros como liceo llevamos 8 a\u00f1os de implementaci\u00f3n como liceo bicentenario (2011) con excelentes resultados acad\u00e9micos. Como liceo LAB apuntamos a mejorar esos resultados, cumplir las metas que son convenios establecidos y declarados desde el a\u00f1o 2010 y posicionarnos como un establecimiento o liceo referente a nivel educativo. Este compromiso viene a reforzar todas esas estrategias de cambio, innovaci\u00f3n y de mejoramiento del sistema educativo no solamente de este liceo sino tambi\u00e9n de la regi\u00f3n. M\u00e1s all\u00e1 de los recursos que este compromiso pueda considerar, yo valoro la gesti\u00f3n que se pueda realizar en el apoyo que recibimos desde el nivel central y local\u201d.<\/p>\n\n\n\n<p>Durante este 2019, desde MINEDUC se monitorear\u00e1 unidad por unidad los avances en los niveles de formaci\u00f3n, entregando reportes detallados en menos de 48 horas. Adem\u00e1s, ya en marzo se entregaron recomendaciones curriculares de c\u00f3mo abordar la etapa de recuperaci\u00f3n y nivelaci\u00f3n de los planes de estudio y se aplic\u00f3 una evaluaci\u00f3n de diagn\u00f3stico a m\u00e1s de 35 mil estudiantes en las asignaturas de Lenguaje y Matem\u00e1tica en los niveles de s\u00e9ptimo b\u00e1sico, primero medio y tercero medio de todos los Liceos Bicentenario<strong>.<\/strong><\/p>\n\n\n\n<p>En el pa\u00eds, actualmente son 100 los colegios que componen esta red que hoy beneficia a m\u00e1s de&nbsp;<strong>83 mil familias<\/strong>. En el caso del Liceo Luis Alberto Barrera , son m\u00e1s de 500 los alumnos que reciben una educaci\u00f3n de calidad. Fue creado en 1905 y desde entonces ha sido un establecimiento educacional de&nbsp;car\u00e1cter p\u00fablico e inclusivo, transform\u00e1ndose en un Liceo de toda la comunidad.&nbsp;En la Regi\u00f3n de Magallanes el Liceo Bicentenario Luis Alberto Barrera es el \u00fanico establecimiento que integra la red Bicentenario.<\/p>\n\n\n\n<p><strong>\u00bfQu\u00e9 es un liceo Bicentenario?<\/strong><\/p>\n\n\n\n<ul class=\"wp-block-list\"><li>Liceos Bicentenario fue una de las iniciativas m\u00e1s destacadas del primer gobierno del Presidente Sebasti\u00e1n Pi\u00f1era.<\/li><li>Los Liceos Bicentenario son un grupo de establecimientos que comparten tres principios de excelencia para entregar una educaci\u00f3n de calidad: altas expectativas, foco en los aprendizajes y en la sala de clases.<\/li><li>El 50% de los actuales Liceos Bicentenario se ubicaron en el 20% superior de rendimiento del SIMCE de segundo medio 2017.<\/li><li>43 de 60 Liceos Bicentenario obtuvieron la Excelencia Acad\u00e9mica el a\u00f1o 2018.<\/li><li>A partir de 2009, los Liceos Bicentenario muestran avances no solo en los indicadores acad\u00e9micos, sino que tambi\u00e9n matr\u00edcula, asistencia y retenci\u00f3n.<\/li><li>Los Liceos Bicentenario han logrado revitalizar la educaci\u00f3n p\u00fablica entregando a las familias una alternativa educativa de calidad a lo largo del pa\u00eds.<\/li><li>Estudiantes de grupos bajos y medios acceden a oportunidades reales para ingresar a la educaci\u00f3n superior, promoviendo la movilidad social.<\/li><li>Los Liceos Bicentenario han demostrado que los cambios en educaci\u00f3n no requieren d\u00e9cadas para ser efectivos.<\/li><\/ul>\n\n\n\n<p><strong>Los 10 Compromisos Bicentenario<\/strong><\/p>\n\n\n\n<p><strong>1.<\/strong>&nbsp;Como estudiantes nos comprometemos a ser protagonistas de nuestra educaci\u00f3n, aprovechando al m\u00e1ximo las oportunidades de aprendizaje, con esfuerzo y dedicaci\u00f3n.<\/p>\n\n\n\n<p><strong>2.<\/strong>&nbsp;Los profesores nos comprometemos a entregar una educaci\u00f3n de calidad a todos los estudiantes, gui\u00e1ndolos y motiv\u00e1ndolos a aprender.<\/p>\n\n\n\n<p><strong>3.<\/strong>&nbsp;Los asistentes de la educaci\u00f3n nos comprometemos a otorgar un ambiente propicio para el aprendizaje.<\/p>\n\n\n\n<p><strong>4.<\/strong>&nbsp;El equipo directivo se compromete a acompa\u00f1ar al profesor, entregarle retroalimentaci\u00f3n y orientarlo en su docencia.<\/p>\n\n\n\n<p><strong>5.<\/strong>&nbsp;Como padres y apoderados nos comprometemos a apoyar a nuestros hijos fomentando el esfuerzo y dedicaci\u00f3n en sus deberes escolares e involucrarnos en el proyecto educativo del establecimiento.<\/p>\n\n\n\n<p><strong>6.<\/strong>&nbsp;Como director me comprometo a ser un agente movilizador de cambio dentro de la comunidad educativa, teniendo como foco el logro de los aprendizajes.<\/p>\n\n\n\n<p><strong>7.<\/strong>&nbsp;Como sostenedor me comprometo a apoyar la implementaci\u00f3n del proyecto Bicentenario.<\/p>\n\n\n\n<p><strong>8.<\/strong>&nbsp;Como Seremi de Educaci\u00f3n me comprometo a acompa\u00f1ar al establecimiento, contribuyendo a mejorar la educaci\u00f3n del pa\u00eds.<\/p>\n\n\n\n<p><strong>9.<\/strong>&nbsp;Como Ministra de Educaci\u00f3n me comprometo a trabajar por un sistema educativo que se centre en la sala de clases, la convivencia escolar y la formaci\u00f3n integral de los estudiantes.<\/p>\n\n\n\n<p><strong>10.<\/strong>\u00a0Como Presidente de la Rep\u00fablica me comprometo a mejorar la calidad de la educaci\u00f3n en todos los niveles y para todos los ni\u00f1os y j\u00f3venes, impulsando pol\u00edticas p\u00fablicas que fomenten la calidad, confianza y autonom\u00eda en los establecimientos educacionales de nuestro pa\u00eds.<\/p>\n\n\n\n<figure class=\"wp-block-image\"><img loading=\"lazy\" decoding=\"async\" width=\"800\" height=\"533\" src=\"https:\/\/www.radiopresidenteibanez.cl\/web\/wp-content\/uploads\/2019\/04\/IMG_1036.jpg\" alt=\"\" class=\"wp-image-3480\" srcset=\"https:\/\/www.radiopresidenteibanez.cl\/web\/wp-content\/uploads\/2019\/04\/IMG_1036.jpg 800w, https:\/\/www.radiopresidenteibanez.cl\/web\/wp-content\/uploads\/2019\/04\/IMG_1036-300x200.jpg 300w, https:\/\/www.radiopresidenteibanez.cl\/web\/wp-content\/uploads\/2019\/04\/IMG_1036-768x512.jpg 768w\" sizes=\"auto, (max-width: 800px) 100vw, 800px\" \/><\/figure>\n","protected":false},"excerpt":{"rendered":"<p>Con la presencia de representantes de toda la comunidad educativa del Liceo Luis Alberto Barrera de Punta Arenas, se llev\u00f3 a cabo la firma del Compromiso Bicentenario, actividad que cont\u00f3&#8230; <a class=\"read-more\" href=\"https:\/\/www.radiopresidenteibanez.cl\/web\/compromiso-bicentenario-2019-tuvo-amplio-respaldo-de-la-comunidad-escolar-del-liceo-luis-alberto-barrera\/\">Leer m\u00e1s<\/a><\/p>\n","protected":false},"author":2,"featured_media":3480,"comment_status":"closed","ping_status":"closed","sticky":false,"template":"","format":"standard","meta":{"footnotes":""},"categories":[1],"tags":[],"class_list":["post-3479","post","type-post","status-publish","format-standard","has-post-thumbnail","hentry","category-cronica"],"_links":{"self":[{"href":"https:\/\/www.radiopresidenteibanez.cl\/web\/wp-json\/wp\/v2\/posts\/3479","targetHints":{"allow":["GET"]}}],"collection":[{"href":"https:\/\/www.radiopresidenteibanez.cl\/web\/wp-json\/wp\/v2\/posts"}],"about":[{"href":"https:\/\/www.radiopresidenteibanez.cl\/web\/wp-json\/wp\/v2\/types\/post"}],"author":[{"embeddable":true,"href":"https:\/\/www.radiopresidenteibanez.cl\/web\/wp-json\/wp\/v2\/users\/2"}],"replies":[{"embeddable":true,"href":"https:\/\/www.radiopresidenteibanez.cl\/web\/wp-json\/wp\/v2\/comments?post=3479"}],"version-history":[{"count":0,"href":"https:\/\/www.radiopresidenteibanez.cl\/web\/wp-json\/wp\/v2\/posts\/3479\/revisions"}],"wp:featuredmedia":[{"embeddable":true,"href":"https:\/\/www.radiopresidenteibanez.cl\/web\/wp-json\/wp\/v2\/media\/3480"}],"wp:attachment":[{"href":"https:\/\/www.radiopresidenteibanez.cl\/web\/wp-json\/wp\/v2\/media?parent=3479"}],"wp:term":[{"taxonomy":"category","embeddable":true,"href":"https:\/\/www.radiopresidenteibanez.cl\/web\/wp-json\/wp\/v2\/categories?post=3479"},{"taxonomy":"post_tag","embeddable":true,"href":"https:\/\/www.radiopresidenteibanez.cl\/web\/wp-json\/wp\/v2\/tags?post=3479"}],"curies":[{"name":"wp","href":"https:\/\/api.w.org\/{rel}","templated":true}]}}