{"id":34785,"date":"2022-11-21T11:07:00","date_gmt":"2022-11-21T14:07:00","guid":{"rendered":"https:\/\/www.radiopresidenteibanez.cl\/web\/?p=34785"},"modified":"2022-11-21T10:52:39","modified_gmt":"2022-11-21T13:52:39","slug":"educadoras-y-funcionarios-del-jardin-caperucita-roja-se-capacitaron-en-siembra-y-compostaje","status":"publish","type":"post","link":"https:\/\/www.radiopresidenteibanez.cl\/web\/educadoras-y-funcionarios-del-jardin-caperucita-roja-se-capacitaron-en-siembra-y-compostaje\/","title":{"rendered":"<strong>Educadoras y funcionarios del Jard\u00edn Caperucita Roja se capacitaron en siembra y compostaje<\/strong>"},"content":{"rendered":"\n<p>Esta semana, la Seremi del Medio Ambiente, Daniela Droguett Caro junto a los profesionales de Recursos Naturales y Biodiversidad, Econom\u00eda Circular y Educaci\u00f3n Ambiental realizaron una serie de talleres para las educadoras y funcionarios del Jard\u00edn Infantil y Sala Cuna Caperucita Roja de Punta Arenas.<\/p>\n\n\n\n<p>La autoridad ambiental explic\u00f3 que \u201cel Jard\u00edn Infantil Caperucita Roja cuenta la certificaci\u00f3n ambiental en Nivel de Excelencia y junto a los funcionarios y funcionarias de la SEREMI hemos desarrollado una serie de talleres de siembra y compostaje para las educadoras, funcionarios y funcionarias del establecimiento. Para nuestro Gobierno Ecol\u00f3gico es fundamental trabajar con educadoras y ni\u00f1eces, porque son los principales agentes de cambio y l\u00edderes por la acci\u00f3n clim\u00e1tica de nuestro territorio\u201d, se\u00f1al\u00f3 Daniela Droguett Caro, Seremi del Medio Ambiente.<\/p>\n\n\n\n<p>Los talleres fueron liderados por Jonathan Donaide B\u00f3rquez y Yanet Medina Mansilla, profesionales de Econom\u00eda Circular y Educaci\u00f3n Ambiental y Participaci\u00f3n Ciudadana, respectivamente, quienes realizaron sesiones te\u00f3ricas y pr\u00e1cticas para hablar de compostaje, horticultura y finalizar con la siembra de las jardineras del establecimiento.<\/p>\n\n\n\n<p>Johanna Navarrete Vergara, Encargada del Jard\u00edn Caperucita Roja, perteneciente a JUNJI Magallanes, explic\u00f3 que el sello ambiental es parte del Proyecto Educativo Institucional y que cuenta con un equipo activo que se inspira con las actividades pr\u00e1cticas. \u201cNos propusimos este a\u00f1o tener actividades de capacitaci\u00f3n m\u00e1s l\u00fadicas y pr\u00e1cticas y que nos entregaran herramientas para resaltar el sello ambiental y volver con m\u00e1s fuerza y preparaci\u00f3n para poder entregar aprendizajes significativos a nuestras ni\u00f1as y ni\u00f1os\u201d, explic\u00f3.<\/p>\n\n\n\n<p>Por su parte, Karina Paredes Saldivia, T\u00e9cnico de la Sala Cuna Mayor B y representante del Comit\u00e9 de Medio Ambiente destac\u00f3 que \u201cfue una experiencia muy bonita de principio a fin. Aprendimos sobre suelo, semillas y trasplantar y es una experiencia que nos sirve para nosotras ense\u00f1ar a nuestros ni\u00f1os y ni\u00f1os y aprovechar todos los espacios que tenemos en el jard\u00edn. En la pr\u00e1ctica, hay acciones muy chiquititas que se pueden ir aprendiendo con los peque\u00f1itos, a trav\u00e9s de la siembra, regar las plantas, cuidado del agua se pueden adquirir la experiencia de cuidar el medio ambiente\u201d.<\/p>\n\n\n\n<p>En la regi\u00f3n de Magallanes y de la Ant\u00e1rtica Chilena existen 19 recintos educacionales que participan en el Sistema Nacional de Certificaci\u00f3n Ambiental Escolar (SNCAE). La Certificaci\u00f3n Ambiental es de car\u00e1cter voluntaria y busca ser una estrategia integral para abordar la educaci\u00f3n ambiental para la sustentabilidad en los establecimientos educacionales del pa\u00eds. Desde la educaci\u00f3n parvularia hasta la educaci\u00f3n media.<\/p>\n","protected":false},"excerpt":{"rendered":"<p>Esta semana, la Seremi del Medio Ambiente, Daniela Droguett Caro junto a los profesionales de Recursos Naturales y Biodiversidad, Econom\u00eda Circular y Educaci\u00f3n Ambiental realizaron una serie de talleres para&#8230; <a class=\"read-more\" href=\"https:\/\/www.radiopresidenteibanez.cl\/web\/educadoras-y-funcionarios-del-jardin-caperucita-roja-se-capacitaron-en-siembra-y-compostaje\/\">Leer m\u00e1s<\/a><\/p>\n","protected":false},"author":2,"featured_media":34786,"comment_status":"closed","ping_status":"closed","sticky":false,"template":"","format":"standard","meta":{"footnotes":""},"categories":[1],"tags":[],"class_list":["post-34785","post","type-post","status-publish","format-standard","has-post-thumbnail","hentry","category-cronica"],"_links":{"self":[{"href":"https:\/\/www.radiopresidenteibanez.cl\/web\/wp-json\/wp\/v2\/posts\/34785","targetHints":{"allow":["GET"]}}],"collection":[{"href":"https:\/\/www.radiopresidenteibanez.cl\/web\/wp-json\/wp\/v2\/posts"}],"about":[{"href":"https:\/\/www.radiopresidenteibanez.cl\/web\/wp-json\/wp\/v2\/types\/post"}],"author":[{"embeddable":true,"href":"https:\/\/www.radiopresidenteibanez.cl\/web\/wp-json\/wp\/v2\/users\/2"}],"replies":[{"embeddable":true,"href":"https:\/\/www.radiopresidenteibanez.cl\/web\/wp-json\/wp\/v2\/comments?post=34785"}],"version-history":[{"count":0,"href":"https:\/\/www.radiopresidenteibanez.cl\/web\/wp-json\/wp\/v2\/posts\/34785\/revisions"}],"wp:featuredmedia":[{"embeddable":true,"href":"https:\/\/www.radiopresidenteibanez.cl\/web\/wp-json\/wp\/v2\/media\/34786"}],"wp:attachment":[{"href":"https:\/\/www.radiopresidenteibanez.cl\/web\/wp-json\/wp\/v2\/media?parent=34785"}],"wp:term":[{"taxonomy":"category","embeddable":true,"href":"https:\/\/www.radiopresidenteibanez.cl\/web\/wp-json\/wp\/v2\/categories?post=34785"},{"taxonomy":"post_tag","embeddable":true,"href":"https:\/\/www.radiopresidenteibanez.cl\/web\/wp-json\/wp\/v2\/tags?post=34785"}],"curies":[{"name":"wp","href":"https:\/\/api.w.org\/{rel}","templated":true}]}}