{"id":34769,"date":"2022-11-21T09:12:00","date_gmt":"2022-11-21T12:12:00","guid":{"rendered":"https:\/\/www.radiopresidenteibanez.cl\/web\/?p=34769"},"modified":"2022-11-21T08:47:37","modified_gmt":"2022-11-21T11:47:37","slug":"boletin-informativo-orbe-2","status":"publish","type":"post","link":"https:\/\/www.radiopresidenteibanez.cl\/web\/boletin-informativo-orbe-2\/","title":{"rendered":"BOLETIN INFORMATIVO ORBE"},"content":{"rendered":"\n<p>SANTIAGO.- Desde la medianoche de este lunes, camioneros<br>dieron inicio a un paro nacional indefinido, en protesta por<br>el alza de los precios de los combustibles y la inseguridad<br>en las rutas del pa\u00eds. La paralizaci\u00f3n fue convocada el<br>pasado 16 de noviembre por la Confederaci\u00f3n de Transportistas<br>Fuerza del Norte, que en un comunicado inform\u00f3 que solo se<br>permitir\u00e1 el paso de veh\u00edculos de emergencias, particulares y<br>transporte de pasajeros.<\/p>\n\n\n\n<p>SANTIAGO.- La mencionada Confederaci\u00f3n, indic\u00f3 que \u00abnuestro<br>objetivo no es da\u00f1ar a la ciudadan\u00eda pero estamos cansados de<br>esta injusticia para con nosotros\u00bb, agregando que esperan<br>\u00abuna pronta respuesta real a nuestras peticiones\u00bb. De esta<br>manera, se registran movilizaciones en distintos puntos del<br>pa\u00eds, aunque no se han reportado bloqueos o cortes de ruta.<\/p>\n\n\n\n<p>SANTIAGO.- En tanto, la Confederaci\u00f3n Nacional de Due\u00f1os de<br>Camiones, CNDC, y las Federaciones Gremiales del Transporte<br>de Carga no adhirieron a la paralizaci\u00f3n. Ambas entidades la<br>criticaron y la calificaron de \u00ababsolutamente irresponsable\u00bb.<br>\u00abEl presente no es indicado para iniciar acciones de fuerza.<br>Las graves dificultades econ\u00f3micas por las que atraviesa el<br>pa\u00eds, sumado a problemas del gremio, son razones suficientes<br>para descartar un paro\u00bb, dijeron.<\/p>\n\n\n\n<p>SANTIAGO.- Encuesta Plaza P\u00fablica Cadem, reflej\u00f3 una leve<br>baja al 31 por ciento, menos 2 por ciento, de la aprobaci\u00f3n<br>del Presidente Gabriel Boric, mientras que su desaprobaci\u00f3n<br>subi\u00f3 al 61 por ciento, m\u00e1s 3. Y entre razones para su<br>desaprobaci\u00f3n se encuentran los altos niveles de<br>delincuencia, 61 por ciento, la falta de experiencia para<br>gobernar y los cambios de opini\u00f3n, 54 por ciento, adem\u00e1s de<br>la econom\u00eda y el costo de la vida, 35 por ciento.<\/p>\n\n\n\n<p>SANTIAGO.- Mientras que las razones para aprobar la gesti\u00f3n<br>del Mandatario, se encuentra la reforma de pensiones<br>presentada por su Gobierno, 63 por ciento, y sus atributos<br>personales, 46 por ciento. Mientras, respecto a la evaluaci\u00f3n<br>a su gabinete, la ministra del Interior, Carolina Toh\u00e1 subi\u00f3<br>al 63 por ciento, completando un alza de 18 puntos en dos<br>meses.<\/p>\n\n\n\n<p>SANTIAGO.- Con esto, seg\u00fan Cadem, Toh\u00e1 se sit\u00faa en el segundo<br>lugar de las autoridades de Gobierno mejor evaluada, s\u00f3lo<br>detr\u00e1s del subsecretario del Interior, Manuel Monsalve, y por<br>detr\u00e1s de los ministros Mario Marcel, 61 por ciento, Ximena<br>Aguilera, 61 por ciento, y Carlos Montes, 58 por ciento de<br>Hacienda, Salud y Vivienda respectivamente.<\/p>\n\n\n\n<p>SANTIAGO.- Por otro lado, un 82 por ciento de los encuestados<br>cree que en La Araucan\u00eda hay terrorismo, la cifra m\u00e1s alta<br>desde 2017. Para dicho conflicto, un 58 por ciento estima que<br>debe enfrentarse v\u00eda Fuerzas Armadas, lo que significa 14<br>puntos m\u00e1s que en mayo. Mientras que un 23 por ciento piensa<br>que debe solucionarse v\u00eda judicial y policial, y un 16 por<br>ciento con di\u00e1logo pol\u00edtico.<\/p>\n\n\n\n<p>SANTIAGO.- La semana pasada el Presidente Gabriel Boric viaj\u00f3<br>por primera vez a la Araucan\u00eda desde que asumi\u00f3 el poder en<br>marzo de este a\u00f1o. En ese sentido, un 89 por ciento de los<br>encuestados supo del viaje del Mandatario a la novena regi\u00f3n.<br>Un 30 por ciento lo evalu\u00f3 positivamente, un 35 por ciento lo<br>consider\u00f3 regular y un 32 por ciento negativamente.<\/p>\n","protected":false},"excerpt":{"rendered":"<p>SANTIAGO.- Desde la medianoche de este lunes, camionerosdieron inicio a un paro nacional indefinido, en protesta porel alza de los precios de los combustibles y la inseguridaden las rutas del&#8230; <a class=\"read-more\" href=\"https:\/\/www.radiopresidenteibanez.cl\/web\/boletin-informativo-orbe-2\/\">Leer m\u00e1s<\/a><\/p>\n","protected":false},"author":2,"featured_media":34773,"comment_status":"closed","ping_status":"closed","sticky":false,"template":"","format":"standard","meta":{"footnotes":""},"categories":[1],"tags":[],"class_list":["post-34769","post","type-post","status-publish","format-standard","has-post-thumbnail","hentry","category-cronica"],"_links":{"self":[{"href":"https:\/\/www.radiopresidenteibanez.cl\/web\/wp-json\/wp\/v2\/posts\/34769","targetHints":{"allow":["GET"]}}],"collection":[{"href":"https:\/\/www.radiopresidenteibanez.cl\/web\/wp-json\/wp\/v2\/posts"}],"about":[{"href":"https:\/\/www.radiopresidenteibanez.cl\/web\/wp-json\/wp\/v2\/types\/post"}],"author":[{"embeddable":true,"href":"https:\/\/www.radiopresidenteibanez.cl\/web\/wp-json\/wp\/v2\/users\/2"}],"replies":[{"embeddable":true,"href":"https:\/\/www.radiopresidenteibanez.cl\/web\/wp-json\/wp\/v2\/comments?post=34769"}],"version-history":[{"count":0,"href":"https:\/\/www.radiopresidenteibanez.cl\/web\/wp-json\/wp\/v2\/posts\/34769\/revisions"}],"wp:featuredmedia":[{"embeddable":true,"href":"https:\/\/www.radiopresidenteibanez.cl\/web\/wp-json\/wp\/v2\/media\/34773"}],"wp:attachment":[{"href":"https:\/\/www.radiopresidenteibanez.cl\/web\/wp-json\/wp\/v2\/media?parent=34769"}],"wp:term":[{"taxonomy":"category","embeddable":true,"href":"https:\/\/www.radiopresidenteibanez.cl\/web\/wp-json\/wp\/v2\/categories?post=34769"},{"taxonomy":"post_tag","embeddable":true,"href":"https:\/\/www.radiopresidenteibanez.cl\/web\/wp-json\/wp\/v2\/tags?post=34769"}],"curies":[{"name":"wp","href":"https:\/\/api.w.org\/{rel}","templated":true}]}}