{"id":3470,"date":"2019-04-17T14:24:32","date_gmt":"2019-04-17T14:24:32","guid":{"rendered":"http:\/\/www.radiopresidenteibanez.cl\/web\/?p=3470"},"modified":"2019-04-17T14:24:59","modified_gmt":"2019-04-17T14:24:59","slug":"sernac-recuerda-los-derechos-al-viajar-durante-esta-semana-santa","status":"publish","type":"post","link":"https:\/\/www.radiopresidenteibanez.cl\/web\/sernac-recuerda-los-derechos-al-viajar-durante-esta-semana-santa\/","title":{"rendered":"SERNAC RECUERDA LOS DERECHOS AL VIAJAR DURANTE ESTA SEMANA SANTA"},"content":{"rendered":"\n<p>Semana Santa es una fecha\ndonde muchas personas aprovechan para viajar, ya sea, utilizando variados\nservicios de transporte, por lo que el SERNAC recuerda sus derechos.<\/p>\n\n\n\n<p>La Directora Regional del\nSERNAC, PAMELA RAMIREZ, enfatiz\u00f3 que la Ley de Protecci\u00f3n de los Consumidores\n(LPC), establece una serie de derechos, entre ellos, \u201ca viajar en forma segura,\na conocer todas las condiciones relevantes del servicio y que se respeten las\ncondiciones contratadas\u201d.<\/p>\n\n\n\n<p>El SERNAC recomienda a los consumidores cotizar antes\nde elegir una empresa, y de esta manera contratar a aquella que les ofrezca la\nmejor relaci\u00f3n de precio y calidad.<\/p>\n\n\n\n<p>\u201cEn ese sentido, es importante recalcar que los\nconsumidores tienen derecho a que los precios informados se respeten y que se\nles otorgue informaci\u00f3n veraz y oportuna sobre el servicio ofrecido\u201d se\u00f1al\u00f3\nRAMIREZ.<\/p>\n\n\n\n<p><strong>Derechos Buses:<\/strong><\/p>\n\n\n\n<ul class=\"wp-block-list\"><li>la\n     Ley del Consumidor obliga a las empresas a ser profesionales, lo que\n     implica que informen todas las condiciones relevantes del servicio, por\n     ejemplo, el valor del pasaje, tipo de bus, entre otros aspectos.<\/li><\/ul>\n\n\n\n<ul class=\"wp-block-list\"><li>Los\n     pasajeros de buses interurbanos tienen derecho a un servicio de calidad,\n     lo que implica, ser transportados en condiciones de seguridad, a las\n     velocidades autorizadas, y a que las empresas act\u00faen de manera profesional\n     en la entrega del servicio.<\/li><\/ul>\n\n\n\n<ul class=\"wp-block-list\"><li>Las\n     condiciones acordadas deben ser respetadas. Por ejemplo, se debe cumplir\n     con los horarios de partida y llegada informados por la empresa y debe\n     existir coherencia entre lo ofertado y lo real (ba\u00f1os, TV, desayuno, sal\u00f3n\n     cama, entre otros).<\/li><\/ul>\n\n\n\n<ul class=\"wp-block-list\"><li>En caso de&nbsp;p\u00e9rdida de equipaje, si el consumidor ha tenido la\n     precauci\u00f3n de declarar el valor de lo transportado, la empresa deber\u00e1\n     responder por el total. Para esto, debe solicitar el formulario de\n     declaraci\u00f3n de equipaje, el que debe estar disponible en los locales de\n     venta de pasajes.<\/li><\/ul>\n\n\n\n<ul class=\"wp-block-list\"><li>No obstante, lo anterior, los pasajeros tienen derecho a exigir las\n     indemnizaciones por todos los da\u00f1os y perjuicios sufridos por los\n     incumplimientos de las empresas.<\/li><\/ul>\n\n\n\n<p><strong>Derechos al contratar servicios\ntur\u00edsticos<\/strong><\/p>\n\n\n\n<ul class=\"wp-block-list\"><li>Al\n     contratar servicios tur\u00edsticos, los consumidores tienen derecho a saber\n     qu\u00e9 est\u00e1n contratando.<\/li><\/ul>\n\n\n\n<ul class=\"wp-block-list\"><li>A\n     conocer el costo final con todos los cargos incluidos y a que el precio\n     informado se respete.<\/li><\/ul>\n\n\n\n<ul class=\"wp-block-list\"><li>Las\n     empresas deben respetar y cumplir todo lo informado u ofrecido a trav\u00e9s de\n     la publicidad, folleto, afiches, promociones, avisos en prensa o sitios\n     web.<\/li><\/ul>\n\n\n\n<ul class=\"wp-block-list\"><li>Para\n     los usuarios que opten por el servicio de una agencia de turismo, deben\n     saber que \u00e9stas&nbsp;<strong>tienen que responder directamente frente al\n     consumidor<\/strong>, aunque hayan actuado como intermediarias de otras\n     empresas.<\/li><\/ul>\n\n\n\n<ul class=\"wp-block-list\"><li>Las cl\u00e1usulas en los contratos donde la empresa dice que no\n     responder por incumplimientos, no valen. Si un consumidor contrata a una\n     agencia, debe responder por todo lo comprometido.<\/li><\/ul>\n\n\n\n<p><strong>Derechos aerol\u00edneas:<\/strong><\/p>\n\n\n\n<ul class=\"wp-block-list\"><li>Las aerol\u00edneas deben respetar las condiciones ofrecidas y\n     acordadas, esto es, que el vuelo salga a las horas comprometidas, se\n     cumpla el servicio a bordo ofrecido, se respete el precio informado y se\n     entregue informaci\u00f3n veraz y oportuna, entre otros.<\/li><\/ul>\n\n\n\n<ul class=\"wp-block-list\"><li>Si por condiciones clim\u00e1ticas, de seguridad o fuerza mayor se\n     suspende o se atrasa un viaje, al consumidor le asiste el derecho de dejar\n     sin efecto el pasaje o acordar con la l\u00ednea a\u00e9rea, el cambio de fecha en\n     el vuelo.<\/li><\/ul>\n\n\n\n<ul class=\"wp-block-list\"><li>El consumidor puede solicitar la devoluci\u00f3n del dinero del pasaje\n     y\/o convenir con la l\u00ednea a\u00e9rea en: seguir con el viaje con la demora\n     prevista, cambiar de l\u00ednea a\u00e9rea bajo las mismas condiciones contratadas u\n     otras condiciones, que se pacten de com\u00fan acuerdo.<\/li><\/ul>\n\n\n\n<ul class=\"wp-block-list\"><li>Respecto del retraso o cancelaci\u00f3n de un vuelo, cuando es\n     responsabilidad directa de la aerol\u00ednea, los consumidores pueden exigir el\n     reembolso del valor del pasaje pagado o embarcarse en el primer vuelo\n     disponible, as\u00ed como los derechos de asistencia al pasajero, como\n     alimentaci\u00f3n, estad\u00edas, llamadas telef\u00f3nicas, movilizaci\u00f3n, entre otras.<\/li><\/ul>\n\n\n\n<ul class=\"wp-block-list\"><li>Adem\u00e1s, los consumidores tienen derecho a ser indemnizados en caso\n     de que el retraso del vuelo sea superior a 3 horas (o 4 en caso de que el\n     avi\u00f3n tenga una capacidad menor a 29 asientos).<\/li><\/ul>\n\n\n\n<p>Si quieres conocer con mayor detalle tus derechos en los diferentes mercados o en caso de alg\u00fan inconveniente, los consumidores pueden reclamar a trav\u00e9s de\u00a0<a rel=\"noreferrer noopener\" href=\"http:\/\/www.sernac.cl\/\" target=\"_blank\">www.sernac.cl<\/a>\u00a0o llamando al 800 700 100.<\/p>\n\n\n\n<figure class=\"wp-block-image\"><img loading=\"lazy\" decoding=\"async\" width=\"1024\" height=\"540\" src=\"http:\/\/www.radiopresidenteibanez.cl\/web\/wp-content\/uploads\/2019\/01\/panoramica-punta-arenas-1024x540.jpg\" alt=\"\" class=\"wp-image-740\" srcset=\"https:\/\/www.radiopresidenteibanez.cl\/web\/wp-content\/uploads\/2019\/01\/panoramica-punta-arenas-1024x540.jpg 1024w, https:\/\/www.radiopresidenteibanez.cl\/web\/wp-content\/uploads\/2019\/01\/panoramica-punta-arenas-300x158.jpg 300w, https:\/\/www.radiopresidenteibanez.cl\/web\/wp-content\/uploads\/2019\/01\/panoramica-punta-arenas-768x405.jpg 768w, https:\/\/www.radiopresidenteibanez.cl\/web\/wp-content\/uploads\/2019\/01\/panoramica-punta-arenas.jpg 1440w\" sizes=\"auto, (max-width: 1024px) 100vw, 1024px\" \/><\/figure>\n","protected":false},"excerpt":{"rendered":"<p>Semana Santa es una fecha donde muchas personas aprovechan para viajar, ya sea, utilizando variados servicios de transporte, por lo que el SERNAC recuerda sus derechos. La Directora Regional del&#8230; <a class=\"read-more\" href=\"https:\/\/www.radiopresidenteibanez.cl\/web\/sernac-recuerda-los-derechos-al-viajar-durante-esta-semana-santa\/\">Leer m\u00e1s<\/a><\/p>\n","protected":false},"author":2,"featured_media":740,"comment_status":"closed","ping_status":"closed","sticky":false,"template":"","format":"standard","meta":{"footnotes":""},"categories":[1],"tags":[],"class_list":["post-3470","post","type-post","status-publish","format-standard","has-post-thumbnail","hentry","category-cronica"],"_links":{"self":[{"href":"https:\/\/www.radiopresidenteibanez.cl\/web\/wp-json\/wp\/v2\/posts\/3470","targetHints":{"allow":["GET"]}}],"collection":[{"href":"https:\/\/www.radiopresidenteibanez.cl\/web\/wp-json\/wp\/v2\/posts"}],"about":[{"href":"https:\/\/www.radiopresidenteibanez.cl\/web\/wp-json\/wp\/v2\/types\/post"}],"author":[{"embeddable":true,"href":"https:\/\/www.radiopresidenteibanez.cl\/web\/wp-json\/wp\/v2\/users\/2"}],"replies":[{"embeddable":true,"href":"https:\/\/www.radiopresidenteibanez.cl\/web\/wp-json\/wp\/v2\/comments?post=3470"}],"version-history":[{"count":0,"href":"https:\/\/www.radiopresidenteibanez.cl\/web\/wp-json\/wp\/v2\/posts\/3470\/revisions"}],"wp:featuredmedia":[{"embeddable":true,"href":"https:\/\/www.radiopresidenteibanez.cl\/web\/wp-json\/wp\/v2\/media\/740"}],"wp:attachment":[{"href":"https:\/\/www.radiopresidenteibanez.cl\/web\/wp-json\/wp\/v2\/media?parent=3470"}],"wp:term":[{"taxonomy":"category","embeddable":true,"href":"https:\/\/www.radiopresidenteibanez.cl\/web\/wp-json\/wp\/v2\/categories?post=3470"},{"taxonomy":"post_tag","embeddable":true,"href":"https:\/\/www.radiopresidenteibanez.cl\/web\/wp-json\/wp\/v2\/tags?post=3470"}],"curies":[{"name":"wp","href":"https:\/\/api.w.org\/{rel}","templated":true}]}}