{"id":3467,"date":"2019-04-17T14:20:51","date_gmt":"2019-04-17T14:20:51","guid":{"rendered":"http:\/\/www.radiopresidenteibanez.cl\/web\/?p=3467"},"modified":"2019-04-17T14:21:10","modified_gmt":"2019-04-17T14:21:10","slug":"2-500-estudiantes-se-veran-beneficiados-con-atencion-dental-gratuita-gracias-a-programa-junaeb","status":"publish","type":"post","link":"https:\/\/www.radiopresidenteibanez.cl\/web\/2-500-estudiantes-se-veran-beneficiados-con-atencion-dental-gratuita-gracias-a-programa-junaeb\/","title":{"rendered":"2.500 ESTUDIANTES SE VERAN BENEFICIADOS CON ATENCI\u00d3N DENTAL GRATUITA GRACIAS A PROGRAMA JUNAEB"},"content":{"rendered":"\n<p>Hasta la Escuela Manuel Bulnes de Punta Arenas, lleg\u00f3 la Seremi de Educaci\u00f3n Beatriz S\u00e1nchez Ca\u00f1ete para conocer, en terreno, el Programa Salud Oral que forma parte de las l\u00edneas program\u00e1ticas insertas en el Programa Salud del Estudiante de JUNAEB, servicio dependiente del Ministerio de Educaci\u00f3n.<\/p>\n\n\n\n<p>En la ocasi\u00f3n, la autoridad regional revis\u00f3 el plan de atenciones y observ\u00f3 el apoyo en salud oral para los ni\u00f1os, que incluye entrega gratuita de cepillo y pasta dental.<\/p>\n\n\n\n<p>\u201cEl objetivo de este programa es contribuir a mejorar la salud bucal de los estudiantes a trav\u00e9s de atenciones odontol\u00f3gicas que permitan evitar el ausentismo escolar a causa de enfermedades bucales, basado en la firme convicci\u00f3n de que la salud oral de las personas, especialmente en ni\u00f1os y j\u00f3venes, es muy relevante para que puedan desarrollar sus capacidades y alcanzar sus metas. Por tanto, esta iniciativa busca ser un aporte en reducir la brecha social en esta materia, enfocando sus esfuerzos en ni\u00f1os y j\u00f3venes de nuestro pa\u00eds\u201d, acot\u00f3 la Seremi.<\/p>\n\n\n\n<p>A nivel regional, el programa se ejecuta en 8 m\u00f3dulos dentales situados en las comunas de Punta Arenas, Laguna Blanca, Natales, Torres del Payne, Cabo de Hornos, Primavera, Timaukel y Porvenir, logrando abarcar 29 establecimientos educacionales, con una cobertura de 2.592 prestaciones que representan una inversi\u00f3n de $ 136.145.670.<\/p>\n\n\n\n<p>\u201cEn Punta Arenas, el programa se implementa hace m\u00e1s de 10 a\u00f1os, actualmente las coberturas programadas ascienden a 981, distribuidas en atenciones de ingresos, controles toma de radiograf\u00edas y urgencias, las que representan un presupuesto anual de $32.274.027\u201d, agreg\u00f3 Vilma Aedo, Director Regional (S) de Junaeb Magallanes.<\/p>\n\n\n\n<p>Mediante un enfoque de atenci\u00f3n integral, Junaeb ingresa al programa, a los estudiantes para que accedan a controles m\u00e9dicos, urgencias y toma de radiograf\u00edas, complementando adem\u00e1s la ayuda con fomentando los h\u00e1bitos de higiene bucal, reforzamiento de conductas deseables en salud, aplicaci\u00f3n de fl\u00faor t\u00f3pico, sellantes y t\u00e9cnicas de cepillado en los m\u00e1s peque\u00f1os.<\/p>\n\n\n\n<p>Para desarrollar el programa, anualmente Junaeb aporta con la distribuci\u00f3n de distintos materiales a los m\u00f3dulos de la regi\u00f3n, los que contribuyen con el desarrollo de los componentes educativos, promocionales &#8211; preventivos y curativos\u00a0 del modelo de intervenci\u00f3n. Durante marzo, se procedi\u00f3 a la distribuci\u00f3n de materiales tales como como diplomas, autoadhesivos, d\u00edpticos, sellantes, fl\u00faor barniz, material de obturaciones, adem\u00e1s de 4.112 pastas y cepillos dentales de diferentes tama\u00f1os.<\/p>\n\n\n\n<figure class=\"wp-block-image\"><img loading=\"lazy\" decoding=\"async\" width=\"900\" height=\"600\" src=\"https:\/\/www.radiopresidenteibanez.cl\/web\/wp-content\/uploads\/2019\/04\/IMG_0844.jpg\" alt=\"\" class=\"wp-image-3468\" srcset=\"https:\/\/www.radiopresidenteibanez.cl\/web\/wp-content\/uploads\/2019\/04\/IMG_0844.jpg 900w, https:\/\/www.radiopresidenteibanez.cl\/web\/wp-content\/uploads\/2019\/04\/IMG_0844-300x200.jpg 300w, https:\/\/www.radiopresidenteibanez.cl\/web\/wp-content\/uploads\/2019\/04\/IMG_0844-768x512.jpg 768w\" sizes=\"auto, (max-width: 900px) 100vw, 900px\" \/><\/figure>\n","protected":false},"excerpt":{"rendered":"<p>Hasta la Escuela Manuel Bulnes de Punta Arenas, lleg\u00f3 la Seremi de Educaci\u00f3n Beatriz S\u00e1nchez Ca\u00f1ete para conocer, en terreno, el Programa Salud Oral que forma parte de las l\u00edneas&#8230; <a class=\"read-more\" href=\"https:\/\/www.radiopresidenteibanez.cl\/web\/2-500-estudiantes-se-veran-beneficiados-con-atencion-dental-gratuita-gracias-a-programa-junaeb\/\">Leer m\u00e1s<\/a><\/p>\n","protected":false},"author":2,"featured_media":3468,"comment_status":"closed","ping_status":"closed","sticky":false,"template":"","format":"standard","meta":{"footnotes":""},"categories":[1],"tags":[],"class_list":["post-3467","post","type-post","status-publish","format-standard","has-post-thumbnail","hentry","category-cronica"],"_links":{"self":[{"href":"https:\/\/www.radiopresidenteibanez.cl\/web\/wp-json\/wp\/v2\/posts\/3467","targetHints":{"allow":["GET"]}}],"collection":[{"href":"https:\/\/www.radiopresidenteibanez.cl\/web\/wp-json\/wp\/v2\/posts"}],"about":[{"href":"https:\/\/www.radiopresidenteibanez.cl\/web\/wp-json\/wp\/v2\/types\/post"}],"author":[{"embeddable":true,"href":"https:\/\/www.radiopresidenteibanez.cl\/web\/wp-json\/wp\/v2\/users\/2"}],"replies":[{"embeddable":true,"href":"https:\/\/www.radiopresidenteibanez.cl\/web\/wp-json\/wp\/v2\/comments?post=3467"}],"version-history":[{"count":0,"href":"https:\/\/www.radiopresidenteibanez.cl\/web\/wp-json\/wp\/v2\/posts\/3467\/revisions"}],"wp:featuredmedia":[{"embeddable":true,"href":"https:\/\/www.radiopresidenteibanez.cl\/web\/wp-json\/wp\/v2\/media\/3468"}],"wp:attachment":[{"href":"https:\/\/www.radiopresidenteibanez.cl\/web\/wp-json\/wp\/v2\/media?parent=3467"}],"wp:term":[{"taxonomy":"category","embeddable":true,"href":"https:\/\/www.radiopresidenteibanez.cl\/web\/wp-json\/wp\/v2\/categories?post=3467"},{"taxonomy":"post_tag","embeddable":true,"href":"https:\/\/www.radiopresidenteibanez.cl\/web\/wp-json\/wp\/v2\/tags?post=3467"}],"curies":[{"name":"wp","href":"https:\/\/api.w.org\/{rel}","templated":true}]}}