{"id":34657,"date":"2022-11-18T17:20:34","date_gmt":"2022-11-18T20:20:34","guid":{"rendered":"https:\/\/www.radiopresidenteibanez.cl\/web\/?p=34657"},"modified":"2022-11-18T17:20:41","modified_gmt":"2022-11-18T20:20:41","slug":"40-mujeres-con-fibromialgia-fueron-beneficiadas-por-centro-de-rehabilitacion-y-ministerio-de-desarrollo-social-y-familia","status":"publish","type":"post","link":"https:\/\/www.radiopresidenteibanez.cl\/web\/40-mujeres-con-fibromialgia-fueron-beneficiadas-por-centro-de-rehabilitacion-y-ministerio-de-desarrollo-social-y-familia\/","title":{"rendered":"40 MUJERES CON FIBROMIALGIA FUERON BENEFICIADAS POR CENTRO DE REHABILITACI\u00d3N Y MINISTERIO DE DESARROLLO SOCIAL Y FAMILIA"},"content":{"rendered":"\n<p>La iniciativa entrega rehabilitaci\u00f3n f\u00edsica y psicol\u00f3gica y tiene una duraci\u00f3n de 12 meses. <br><br>La fibromialgia es una enfermedad incomprendida y muchas veces invisibilizada, a esto se suma escasez de tratamientos enfocados en la rehabilitaci\u00f3n f\u00edsica y psicol\u00f3gica, determinando negativamente la calidad de vida de personas diagnosticadas con esta afecci\u00f3n. <br><br>Para subsanar esta situaci\u00f3n la Corporaci\u00f3n de Rehabilitaci\u00f3n Club de Leones Cruz del Sur, junto con la agrupaci\u00f3n Fibromialgia Punta Arenas, levantaron una iniciativa que brinda rehabilitaci\u00f3n integral a 40 pacientes, por una duraci\u00f3n de 12 meses. <br><br>El proyecto es financiado por el Ministerio de Desarrollo Social y Familia, mediante el fondo Para Vivir Mejor, ex Chile Compromiso de Todos, por un monto de 29 millones de pesos. Para el Secretario Regional de Desarrollo Social y Familia de Magallanes, Danilo Mimica Mansilla, \u201choy estamos siendo testigos de c\u00f3mo las programas de nuestro Gobierno tienen un impacto directo en la ciudadan\u00eda organizada, en las fundaciones y corporaciones sin fines de lucro que buscan el bien com\u00fan. La Corporaci\u00f3n de Rehabilitaci\u00f3n present\u00f3 este proyecto destinado a mejorar la calidad de vida de 40 mujeres, que cont\u00f3 con el financiamiento de nuestro ministerio, a trav\u00e9s del Fondo Para Vivir Mejor, y que durante la versi\u00f3n de este a\u00f1o favoreci\u00f3 a dos organizaciones: la Fundaci\u00f3n de beneficencia p\u00fablica Por M\u00e1s y Fundaci\u00f3n de Salud de la Universidad de Magallanes\u201d. <br><br>FIBROMIALGIA <br><br>\u201cLa actividad f\u00edsica y las interacciones sociales son consideradas como factores protectores para la salud y bienestar de las personas, mucho m\u00e1s de las personas con fibromialgia. Es por eso que a trav\u00e9s de esta  propuesta se busca realizar evaluaciones psicol\u00f3gicas y kin\u00e9sicas\u201d  , explic\u00f3 el subdirector de Rehabilitaci\u00f3n de la Corporaci\u00f3n, Eduardo Bahamonde. <br>  <br>La evaluaci\u00f3n kin\u00e9sica considera el uso de tecnolog\u00eda y bater\u00edas de evaluaci\u00f3n seg\u00fan protocolos de intervenci\u00f3n. En cuanto a la intervenci\u00f3n kin\u00e9sica es mediante ejercicio terap\u00e9utico, fisioterapia y<br>fotobiomodulaci\u00f3n mediante el uso de diferentes equipos de alta gama financiados por el proyecto. <br><br>Cada paciente recibe 16 sesiones de intervenci\u00f3n kin\u00e9sica y  8 sesiones de intervenci\u00f3n Psicol\u00f3gica.  De esta forma, se busca disminuir el dolor cr\u00f3nico mejorando el sistema musculoesquel\u00e9tico mediante t\u00e9cnicas de kinesioterapia, fisioterapia y neuromodulaci\u00f3n en pacientes con fibromialgia.<br><br>Adem\u00e1s, se realiza terapia psicol\u00f3gica con enfoque breve para disminuir los s\u00edntomas detectados en instancia de evaluaci\u00f3n. Tambi\u00e9n se realiza psicoeducaci\u00f3n para adquirir un manejo a nivel de pensamientos y comportamientos que sean disfuncionales para mejorar su calidad de vida.<br><\/p>\n\n\n\n<figure class=\"wp-block-image size-full\"><img loading=\"lazy\" decoding=\"async\" width=\"1024\" height=\"768\" src=\"https:\/\/www.radiopresidenteibanez.cl\/web\/wp-content\/uploads\/2022\/11\/IMG-20221118-WA0019.jpg\" alt=\"\" class=\"wp-image-34673\" srcset=\"https:\/\/www.radiopresidenteibanez.cl\/web\/wp-content\/uploads\/2022\/11\/IMG-20221118-WA0019.jpg 1024w, https:\/\/www.radiopresidenteibanez.cl\/web\/wp-content\/uploads\/2022\/11\/IMG-20221118-WA0019-300x225.jpg 300w, https:\/\/www.radiopresidenteibanez.cl\/web\/wp-content\/uploads\/2022\/11\/IMG-20221118-WA0019-768x576.jpg 768w\" sizes=\"auto, (max-width: 1024px) 100vw, 1024px\" \/><\/figure>\n\n\n\n<figure class=\"wp-block-image size-large\"><img loading=\"lazy\" decoding=\"async\" width=\"1024\" height=\"768\" src=\"https:\/\/www.radiopresidenteibanez.cl\/web\/wp-content\/uploads\/2022\/11\/20221118_151939-1024x768.jpg\" alt=\"\" class=\"wp-image-34676\" srcset=\"https:\/\/www.radiopresidenteibanez.cl\/web\/wp-content\/uploads\/2022\/11\/20221118_151939-1024x768.jpg 1024w, https:\/\/www.radiopresidenteibanez.cl\/web\/wp-content\/uploads\/2022\/11\/20221118_151939-300x225.jpg 300w, https:\/\/www.radiopresidenteibanez.cl\/web\/wp-content\/uploads\/2022\/11\/20221118_151939-768x576.jpg 768w, https:\/\/www.radiopresidenteibanez.cl\/web\/wp-content\/uploads\/2022\/11\/20221118_151939-1536x1152.jpg 1536w, https:\/\/www.radiopresidenteibanez.cl\/web\/wp-content\/uploads\/2022\/11\/20221118_151939-2048x1536.jpg 2048w\" sizes=\"auto, (max-width: 1024px) 100vw, 1024px\" \/><\/figure>\n\n\n\n<figure class=\"wp-block-image size-full\"><img loading=\"lazy\" decoding=\"async\" width=\"1024\" height=\"643\" src=\"https:\/\/www.radiopresidenteibanez.cl\/web\/wp-content\/uploads\/2022\/11\/IMG-20221118-WA0018.jpg\" alt=\"\" class=\"wp-image-34672\" srcset=\"https:\/\/www.radiopresidenteibanez.cl\/web\/wp-content\/uploads\/2022\/11\/IMG-20221118-WA0018.jpg 1024w, https:\/\/www.radiopresidenteibanez.cl\/web\/wp-content\/uploads\/2022\/11\/IMG-20221118-WA0018-300x188.jpg 300w, https:\/\/www.radiopresidenteibanez.cl\/web\/wp-content\/uploads\/2022\/11\/IMG-20221118-WA0018-768x482.jpg 768w\" sizes=\"auto, (max-width: 1024px) 100vw, 1024px\" \/><\/figure>\n","protected":false},"excerpt":{"rendered":"<p>La iniciativa entrega rehabilitaci\u00f3n f\u00edsica y psicol\u00f3gica y tiene una duraci\u00f3n de 12 meses. La fibromialgia es una enfermedad incomprendida y muchas veces invisibilizada, a esto se suma escasez de&#8230; <a class=\"read-more\" href=\"https:\/\/www.radiopresidenteibanez.cl\/web\/40-mujeres-con-fibromialgia-fueron-beneficiadas-por-centro-de-rehabilitacion-y-ministerio-de-desarrollo-social-y-familia\/\">Leer m\u00e1s<\/a><\/p>\n","protected":false},"author":2,"featured_media":34678,"comment_status":"closed","ping_status":"closed","sticky":false,"template":"","format":"standard","meta":{"footnotes":""},"categories":[1],"tags":[],"class_list":["post-34657","post","type-post","status-publish","format-standard","has-post-thumbnail","hentry","category-cronica"],"_links":{"self":[{"href":"https:\/\/www.radiopresidenteibanez.cl\/web\/wp-json\/wp\/v2\/posts\/34657","targetHints":{"allow":["GET"]}}],"collection":[{"href":"https:\/\/www.radiopresidenteibanez.cl\/web\/wp-json\/wp\/v2\/posts"}],"about":[{"href":"https:\/\/www.radiopresidenteibanez.cl\/web\/wp-json\/wp\/v2\/types\/post"}],"author":[{"embeddable":true,"href":"https:\/\/www.radiopresidenteibanez.cl\/web\/wp-json\/wp\/v2\/users\/2"}],"replies":[{"embeddable":true,"href":"https:\/\/www.radiopresidenteibanez.cl\/web\/wp-json\/wp\/v2\/comments?post=34657"}],"version-history":[{"count":0,"href":"https:\/\/www.radiopresidenteibanez.cl\/web\/wp-json\/wp\/v2\/posts\/34657\/revisions"}],"wp:featuredmedia":[{"embeddable":true,"href":"https:\/\/www.radiopresidenteibanez.cl\/web\/wp-json\/wp\/v2\/media\/34678"}],"wp:attachment":[{"href":"https:\/\/www.radiopresidenteibanez.cl\/web\/wp-json\/wp\/v2\/media?parent=34657"}],"wp:term":[{"taxonomy":"category","embeddable":true,"href":"https:\/\/www.radiopresidenteibanez.cl\/web\/wp-json\/wp\/v2\/categories?post=34657"},{"taxonomy":"post_tag","embeddable":true,"href":"https:\/\/www.radiopresidenteibanez.cl\/web\/wp-json\/wp\/v2\/tags?post=34657"}],"curies":[{"name":"wp","href":"https:\/\/api.w.org\/{rel}","templated":true}]}}