{"id":34641,"date":"2022-11-18T13:50:00","date_gmt":"2022-11-18T16:50:00","guid":{"rendered":"https:\/\/www.radiopresidenteibanez.cl\/web\/?p=34641"},"modified":"2022-11-22T11:07:12","modified_gmt":"2022-11-22T14:07:12","slug":"seremi-de-la-mujer-llama-a-incribirse-en-el-registro-de-personas-cuidadoras","status":"publish","type":"post","link":"https:\/\/www.radiopresidenteibanez.cl\/web\/seremi-de-la-mujer-llama-a-incribirse-en-el-registro-de-personas-cuidadoras\/","title":{"rendered":"SEREMI DE LA MUJER LLAMA A INSCRIBIRSE EN EL REGISTRO DE PERSONAS CUIDADORAS"},"content":{"rendered":"\n<p>Una buena noticia para quienes ejercen el trabajo como personas cuidadoras, dio a conocer el Gobierno, ya que el ministerio de Desarrollo Social habilitar\u00e1 un m\u00f3dulo de complemento del Registro Social de Hogares (RSH), el cual permitir\u00e1 la identificaci\u00f3n de personas cuidadoras.<\/p>\n\n\n\n<figure class=\"wp-block-embed\"><div class=\"wp-block-embed__wrapper\">\nhttps:\/\/registrosocial.gob.cl\/\n<\/div><\/figure>\n\n\n\n<p>Seg\u00fan estimaciones del Banco Central, el trabajo dom\u00e9stico no remunerado -incluyendo las labores de cuidado- representan m\u00e1s de 25% del PIB ampliado del pa\u00eds. Asimismo, seg\u00fan datos de la Encuesta de Bienestar Social del Ministerio de Desarrollo Social, 85% de quienes destinan 8 o m\u00e1s horas diarias al trabajo de cuidados no remunerado son mujeres.<\/p>\n\n\n\n<p>La seremi de Gobierno (s) y de la Mujer y EG de Magallanes Alejandra Ruiz destac\u00f3 que el Sistema Nacional de Cuidados propuesto en el programa de Gobierno permitir\u00e1 avanzar en la redistribuci\u00f3n y la reducci\u00f3n de las cargas de cuidado actuales, por medio de la ampliaci\u00f3n de la cobertura de los programas existentes y la creaci\u00f3n de nueva oferta program\u00e1tica de cuidados provista por el Estado, con el objetivo de reducir el trabajo de cuidado realizado por las familias, particularmente mujeres, y as\u00ed mismo distribuirlo de manera m\u00e1s justa.<\/p>\n\n\n\n<p>Por ello hizo un llamado a quienes desempe\u00f1en esta labor a inscribirse en el Registro de Personas Cuidadoras.&nbsp; Agreg\u00f3 que a trav\u00e9s de un m\u00f3dulo con acceso en la misma p\u00e1gina del Registro Social de Hogares (RSH) se puede realizar la inscripci\u00f3n.&nbsp; Con este registro, las personas beneficiarias tendr\u00e1n una credencial que las identifique como una \u201cpersona cuidadora\u201d. Este documento le permitir\u00e1 tener atenci\u00f3n preferente y facilitar algunos tr\u00e1mites.<\/p>\n\n\n\n<p>\u00bfC\u00f3mo inscribirse en el registro?<\/p>\n\n\n\n<p>Para poder inscribirse como una persona cuidadora es necesario entrar al sitio web del Registro Social de Hogares, con Clave \u00danica, y adjuntar fotograf\u00edas de las c\u00e9dulas de identidad de las personas involucradas, es decir, la persona cuidadora y quien necesita cuidado.<\/p>\n\n\n\n<p>&#8211; Ingresar al sitio web del Registro Social de Hogares con Clave \u00danica<\/p>\n\n\n\n<p>&#8211; Ir a \u201cMi registro\u201d<\/p>\n\n\n\n<p>&#8211; Seleccionar datos complementarios<\/p>\n\n\n\n<p>&nbsp;-Ir al bot\u00f3n de \u201cCuidados\u201d<\/p>\n\n\n\n<p>&#8211; Aqu\u00ed saldr\u00e1 \u201cRealizar tr\u00e1mite\u201d en una peque\u00f1a ventana, y se puede seleccionar a la persona que cuida o quien es cuidada.<\/p>\n\n\n\n<p>Se ingresa los datos y se agrega a la otra persona. Posteriormente se aprieta<\/p>\n\n\n\n<p>&#8211; \u201cConfirmar\u201d.<\/p>\n\n\n\n<p>&#8211; Se descarga esta solicitud, se imprime, se firma por ambas personas<\/p>\n\n\n\n<p>&#8211; Luego se sube al mismo sitio, con las c\u00e9dulas de identidad de ambas personas.<\/p>\n\n\n\n<p>La creaci\u00f3n del nuevo registro beneficiar\u00e1 principalmente a las mujeres, es por eso que la seremi de la Mujer y Equidad de G\u00e9nero, Alejandra Ruiz Ovando, destac\u00f3 la labor de las organizaciones sociales que impulsaron esta idea, ya que \u00abcuando en una pareja hay un ni\u00f1o o ni\u00f1a que necesita cuidado permanente, es la madre la que renuncia a su trabajo para acompa\u00f1ar. No solamente proveemos los cuidados, sino que tambi\u00e9n cargamos con el costo social de lo que ello significa, siendo que es una necesidad de todos y todas\u00bb, dijo la seremi de la Mujer.<\/p>\n","protected":false},"excerpt":{"rendered":"<p>Una buena noticia para quienes ejercen el trabajo como personas cuidadoras, dio a conocer el Gobierno, ya que el ministerio de Desarrollo Social habilitar\u00e1 un m\u00f3dulo de complemento del Registro&#8230; <a class=\"read-more\" href=\"https:\/\/www.radiopresidenteibanez.cl\/web\/seremi-de-la-mujer-llama-a-incribirse-en-el-registro-de-personas-cuidadoras\/\">Leer m\u00e1s<\/a><\/p>\n","protected":false},"author":2,"featured_media":34642,"comment_status":"closed","ping_status":"closed","sticky":false,"template":"","format":"standard","meta":{"footnotes":""},"categories":[1],"tags":[],"class_list":["post-34641","post","type-post","status-publish","format-standard","has-post-thumbnail","hentry","category-cronica"],"_links":{"self":[{"href":"https:\/\/www.radiopresidenteibanez.cl\/web\/wp-json\/wp\/v2\/posts\/34641","targetHints":{"allow":["GET"]}}],"collection":[{"href":"https:\/\/www.radiopresidenteibanez.cl\/web\/wp-json\/wp\/v2\/posts"}],"about":[{"href":"https:\/\/www.radiopresidenteibanez.cl\/web\/wp-json\/wp\/v2\/types\/post"}],"author":[{"embeddable":true,"href":"https:\/\/www.radiopresidenteibanez.cl\/web\/wp-json\/wp\/v2\/users\/2"}],"replies":[{"embeddable":true,"href":"https:\/\/www.radiopresidenteibanez.cl\/web\/wp-json\/wp\/v2\/comments?post=34641"}],"version-history":[{"count":0,"href":"https:\/\/www.radiopresidenteibanez.cl\/web\/wp-json\/wp\/v2\/posts\/34641\/revisions"}],"wp:featuredmedia":[{"embeddable":true,"href":"https:\/\/www.radiopresidenteibanez.cl\/web\/wp-json\/wp\/v2\/media\/34642"}],"wp:attachment":[{"href":"https:\/\/www.radiopresidenteibanez.cl\/web\/wp-json\/wp\/v2\/media?parent=34641"}],"wp:term":[{"taxonomy":"category","embeddable":true,"href":"https:\/\/www.radiopresidenteibanez.cl\/web\/wp-json\/wp\/v2\/categories?post=34641"},{"taxonomy":"post_tag","embeddable":true,"href":"https:\/\/www.radiopresidenteibanez.cl\/web\/wp-json\/wp\/v2\/tags?post=34641"}],"curies":[{"name":"wp","href":"https:\/\/api.w.org\/{rel}","templated":true}]}}