{"id":3464,"date":"2019-04-17T14:07:35","date_gmt":"2019-04-17T14:07:35","guid":{"rendered":"http:\/\/www.radiopresidenteibanez.cl\/web\/?p=3464"},"modified":"2019-04-17T14:08:02","modified_gmt":"2019-04-17T14:08:02","slug":"nueva-colision-se-produjo-en-las-intersecciones-de-la-calle-waldo-seguel-con-avenida-espana","status":"publish","type":"post","link":"https:\/\/www.radiopresidenteibanez.cl\/web\/nueva-colision-se-produjo-en-las-intersecciones-de-la-calle-waldo-seguel-con-avenida-espana\/","title":{"rendered":"NUEVA COLISI\u00d3N SE PRODUJO EN LAS INTERSECCIONES DE LA CALLE WALDO SEGUEL CON AVENIDA ESPA\u00d1A"},"content":{"rendered":"\n<p>En horas de esta ma\u00f1ana, una nueva colisi\u00f3n se produjo en la conflictiva esquina de calle Waldo Seguel con Avenida Espa\u00f1a, hasta el momento se desconoce si existen personas lesionadas.<\/p>\n\n\n\n<figure class=\"wp-block-image\"><img loading=\"lazy\" decoding=\"async\" width=\"735\" height=\"528\" src=\"https:\/\/www.radiopresidenteibanez.cl\/web\/wp-content\/uploads\/2019\/04\/IMG_20190417_105543.jpg\" alt=\"\" class=\"wp-image-3465\" srcset=\"https:\/\/www.radiopresidenteibanez.cl\/web\/wp-content\/uploads\/2019\/04\/IMG_20190417_105543.jpg 735w, https:\/\/www.radiopresidenteibanez.cl\/web\/wp-content\/uploads\/2019\/04\/IMG_20190417_105543-300x216.jpg 300w\" sizes=\"auto, (max-width: 735px) 100vw, 735px\" \/><figcaption>PF:FPSJ<\/figcaption><\/figure>\n","protected":false},"excerpt":{"rendered":"<p>En horas de esta ma\u00f1ana, una nueva colisi\u00f3n se produjo en la conflictiva esquina de calle Waldo Seguel con Avenida Espa\u00f1a, hasta el momento se desconoce si existen personas lesionadas.<\/p>\n","protected":false},"author":2,"featured_media":3465,"comment_status":"closed","ping_status":"closed","sticky":false,"template":"","format":"standard","meta":{"footnotes":""},"categories":[1],"tags":[],"class_list":["post-3464","post","type-post","status-publish","format-standard","has-post-thumbnail","hentry","category-cronica"],"_links":{"self":[{"href":"https:\/\/www.radiopresidenteibanez.cl\/web\/wp-json\/wp\/v2\/posts\/3464","targetHints":{"allow":["GET"]}}],"collection":[{"href":"https:\/\/www.radiopresidenteibanez.cl\/web\/wp-json\/wp\/v2\/posts"}],"about":[{"href":"https:\/\/www.radiopresidenteibanez.cl\/web\/wp-json\/wp\/v2\/types\/post"}],"author":[{"embeddable":true,"href":"https:\/\/www.radiopresidenteibanez.cl\/web\/wp-json\/wp\/v2\/users\/2"}],"replies":[{"embeddable":true,"href":"https:\/\/www.radiopresidenteibanez.cl\/web\/wp-json\/wp\/v2\/comments?post=3464"}],"version-history":[{"count":0,"href":"https:\/\/www.radiopresidenteibanez.cl\/web\/wp-json\/wp\/v2\/posts\/3464\/revisions"}],"wp:featuredmedia":[{"embeddable":true,"href":"https:\/\/www.radiopresidenteibanez.cl\/web\/wp-json\/wp\/v2\/media\/3465"}],"wp:attachment":[{"href":"https:\/\/www.radiopresidenteibanez.cl\/web\/wp-json\/wp\/v2\/media?parent=3464"}],"wp:term":[{"taxonomy":"category","embeddable":true,"href":"https:\/\/www.radiopresidenteibanez.cl\/web\/wp-json\/wp\/v2\/categories?post=3464"},{"taxonomy":"post_tag","embeddable":true,"href":"https:\/\/www.radiopresidenteibanez.cl\/web\/wp-json\/wp\/v2\/tags?post=3464"}],"curies":[{"name":"wp","href":"https:\/\/api.w.org\/{rel}","templated":true}]}}