{"id":34629,"date":"2022-11-18T10:17:00","date_gmt":"2022-11-18T13:17:00","guid":{"rendered":"https:\/\/www.radiopresidenteibanez.cl\/web\/?p=34629"},"modified":"2022-11-18T08:36:47","modified_gmt":"2022-11-18T11:36:47","slug":"en-el-marco-del-plan-de-capacitaciones-de-la-fiscalia-regional-fiscales-se-capacitan-en-nuevas-drogas-sinteticas","status":"publish","type":"post","link":"https:\/\/www.radiopresidenteibanez.cl\/web\/en-el-marco-del-plan-de-capacitaciones-de-la-fiscalia-regional-fiscales-se-capacitan-en-nuevas-drogas-sinteticas\/","title":{"rendered":"En el marco del plan de capacitaciones de la Fiscal\u00eda Regional Fiscales se capacitan en nuevas drogas sinteticas"},"content":{"rendered":"\n<p>\u201cDrogas Sint\u00e9ticas\u201d, es el nombre del curso dictado hoy, dentro del plan de capacitaci\u00f3n de la Fiscal\u00eda Regional de Magallanes, en conjunto con la Unidad Especializada en Tr\u00e1fico Il\u00edcito de Estupefacientes y Sustancias Sicotr\u00f3picas de la Fiscal\u00eda Nacional, por &nbsp;expositora Lorena Rebolledo, Subdirectora de la Unidad de Drogas, a fiscales, ayudantes de fiscal y abogadas asesoras de la Fiscal\u00eda Local de Punta Arenas, Puerto Natales y de la Fiscal\u00eda Regional.<\/p>\n\n\n\n<p>La jornada, que se realiz\u00f3 v\u00eda telem\u00e1tica en nuestra regi\u00f3n, tiene como fin instruir,&nbsp; especializar y actualizar, permanentemente los conocimientos del equipo de trabajo de la fiscal\u00eda en diversas tem\u00e1ticas delictuales.<\/p>\n","protected":false},"excerpt":{"rendered":"<p>\u201cDrogas Sint\u00e9ticas\u201d, es el nombre del curso dictado hoy, dentro del plan de capacitaci\u00f3n de la Fiscal\u00eda Regional de Magallanes, en conjunto con la Unidad Especializada en Tr\u00e1fico Il\u00edcito de&#8230; <a class=\"read-more\" href=\"https:\/\/www.radiopresidenteibanez.cl\/web\/en-el-marco-del-plan-de-capacitaciones-de-la-fiscalia-regional-fiscales-se-capacitan-en-nuevas-drogas-sinteticas\/\">Leer m\u00e1s<\/a><\/p>\n","protected":false},"author":2,"featured_media":34630,"comment_status":"closed","ping_status":"closed","sticky":false,"template":"","format":"standard","meta":{"footnotes":""},"categories":[1],"tags":[],"class_list":["post-34629","post","type-post","status-publish","format-standard","has-post-thumbnail","hentry","category-cronica"],"_links":{"self":[{"href":"https:\/\/www.radiopresidenteibanez.cl\/web\/wp-json\/wp\/v2\/posts\/34629","targetHints":{"allow":["GET"]}}],"collection":[{"href":"https:\/\/www.radiopresidenteibanez.cl\/web\/wp-json\/wp\/v2\/posts"}],"about":[{"href":"https:\/\/www.radiopresidenteibanez.cl\/web\/wp-json\/wp\/v2\/types\/post"}],"author":[{"embeddable":true,"href":"https:\/\/www.radiopresidenteibanez.cl\/web\/wp-json\/wp\/v2\/users\/2"}],"replies":[{"embeddable":true,"href":"https:\/\/www.radiopresidenteibanez.cl\/web\/wp-json\/wp\/v2\/comments?post=34629"}],"version-history":[{"count":0,"href":"https:\/\/www.radiopresidenteibanez.cl\/web\/wp-json\/wp\/v2\/posts\/34629\/revisions"}],"wp:featuredmedia":[{"embeddable":true,"href":"https:\/\/www.radiopresidenteibanez.cl\/web\/wp-json\/wp\/v2\/media\/34630"}],"wp:attachment":[{"href":"https:\/\/www.radiopresidenteibanez.cl\/web\/wp-json\/wp\/v2\/media?parent=34629"}],"wp:term":[{"taxonomy":"category","embeddable":true,"href":"https:\/\/www.radiopresidenteibanez.cl\/web\/wp-json\/wp\/v2\/categories?post=34629"},{"taxonomy":"post_tag","embeddable":true,"href":"https:\/\/www.radiopresidenteibanez.cl\/web\/wp-json\/wp\/v2\/tags?post=34629"}],"curies":[{"name":"wp","href":"https:\/\/api.w.org\/{rel}","templated":true}]}}