{"id":3461,"date":"2019-04-17T14:02:04","date_gmt":"2019-04-17T14:02:04","guid":{"rendered":"http:\/\/www.radiopresidenteibanez.cl\/web\/?p=3461"},"modified":"2019-04-17T14:02:50","modified_gmt":"2019-04-17T14:02:50","slug":"interna-fue-quemada-con-agua-hirviendo-al-interior-de-la-carcel-de-punta-arenas","status":"publish","type":"post","link":"https:\/\/www.radiopresidenteibanez.cl\/web\/interna-fue-quemada-con-agua-hirviendo-al-interior-de-la-carcel-de-punta-arenas\/","title":{"rendered":"INTERNA FUE QUEMADA CON AGUA HIRVIENDO AL INTERIOR DE LA C\u00c1RCEL DE PUNTA ARENAS"},"content":{"rendered":"\n<p>Una interna debi\u00f3 ser trasladada de urgencia hasta las\ndependencias del Hospital Cl\u00ednico de Magallanes, esto luego de que una de sus\ncompa\u00f1eras la quemar\u00e1 con agua hirviendo, cabe mencionar que otra interna\ntambi\u00e9n sufri\u00f3 quemaduras, pero solo de car\u00e1cter leves, la que {fue atendida y\ndevuelta al recinto penitenciario.<\/p>\n\n\n\n<p>Por su parte la agresora identificada con las iniciales, R.S.S, y los antecedentes del hecho fueron puesto a disposici\u00f3n de la justicia.<\/p>\n\n\n\n<figure class=\"wp-block-image\"><img loading=\"lazy\" decoding=\"async\" width=\"1024\" height=\"768\" src=\"https:\/\/www.radiopresidenteibanez.cl\/web\/wp-content\/uploads\/2019\/04\/IMG-20190417-WA0015-1024x768.jpg\" alt=\"\" class=\"wp-image-3462\" srcset=\"https:\/\/www.radiopresidenteibanez.cl\/web\/wp-content\/uploads\/2019\/04\/IMG-20190417-WA0015.jpg 1024w, https:\/\/www.radiopresidenteibanez.cl\/web\/wp-content\/uploads\/2019\/04\/IMG-20190417-WA0015-300x225.jpg 300w, https:\/\/www.radiopresidenteibanez.cl\/web\/wp-content\/uploads\/2019\/04\/IMG-20190417-WA0015-768x576.jpg 768w\" sizes=\"auto, (max-width: 1024px) 100vw, 1024px\" \/><\/figure>\n","protected":false},"excerpt":{"rendered":"<p>Una interna debi\u00f3 ser trasladada de urgencia hasta las dependencias del Hospital Cl\u00ednico de Magallanes, esto luego de que una de sus compa\u00f1eras la quemar\u00e1 con agua hirviendo, cabe mencionar&#8230; <a class=\"read-more\" href=\"https:\/\/www.radiopresidenteibanez.cl\/web\/interna-fue-quemada-con-agua-hirviendo-al-interior-de-la-carcel-de-punta-arenas\/\">Leer m\u00e1s<\/a><\/p>\n","protected":false},"author":2,"featured_media":3462,"comment_status":"closed","ping_status":"closed","sticky":false,"template":"","format":"standard","meta":{"footnotes":""},"categories":[6],"tags":[],"class_list":["post-3461","post","type-post","status-publish","format-standard","has-post-thumbnail","hentry","category-policial"],"_links":{"self":[{"href":"https:\/\/www.radiopresidenteibanez.cl\/web\/wp-json\/wp\/v2\/posts\/3461","targetHints":{"allow":["GET"]}}],"collection":[{"href":"https:\/\/www.radiopresidenteibanez.cl\/web\/wp-json\/wp\/v2\/posts"}],"about":[{"href":"https:\/\/www.radiopresidenteibanez.cl\/web\/wp-json\/wp\/v2\/types\/post"}],"author":[{"embeddable":true,"href":"https:\/\/www.radiopresidenteibanez.cl\/web\/wp-json\/wp\/v2\/users\/2"}],"replies":[{"embeddable":true,"href":"https:\/\/www.radiopresidenteibanez.cl\/web\/wp-json\/wp\/v2\/comments?post=3461"}],"version-history":[{"count":0,"href":"https:\/\/www.radiopresidenteibanez.cl\/web\/wp-json\/wp\/v2\/posts\/3461\/revisions"}],"wp:featuredmedia":[{"embeddable":true,"href":"https:\/\/www.radiopresidenteibanez.cl\/web\/wp-json\/wp\/v2\/media\/3462"}],"wp:attachment":[{"href":"https:\/\/www.radiopresidenteibanez.cl\/web\/wp-json\/wp\/v2\/media?parent=3461"}],"wp:term":[{"taxonomy":"category","embeddable":true,"href":"https:\/\/www.radiopresidenteibanez.cl\/web\/wp-json\/wp\/v2\/categories?post=3461"},{"taxonomy":"post_tag","embeddable":true,"href":"https:\/\/www.radiopresidenteibanez.cl\/web\/wp-json\/wp\/v2\/tags?post=3461"}],"curies":[{"name":"wp","href":"https:\/\/api.w.org\/{rel}","templated":true}]}}