{"id":34598,"date":"2022-11-17T16:23:00","date_gmt":"2022-11-17T19:23:00","guid":{"rendered":"https:\/\/www.radiopresidenteibanez.cl\/web\/?p=34598"},"modified":"2022-11-17T14:54:01","modified_gmt":"2022-11-17T17:54:01","slug":"convenio-entre-municipalidad-de-rio-verde-y-santo-tomas-permitira-a-estudiantes-realizar-practicas-profesionales","status":"publish","type":"post","link":"https:\/\/www.radiopresidenteibanez.cl\/web\/convenio-entre-municipalidad-de-rio-verde-y-santo-tomas-permitira-a-estudiantes-realizar-practicas-profesionales\/","title":{"rendered":"Convenio entre Municipalidad de Rio Verde y Santo Tom\u00e1s permitir\u00e1 a estudiantes realizar pr\u00e1cticas profesionales"},"content":{"rendered":"\n<p>Un convenio de colaboraci\u00f3n entre la Municipalidad de Rio Verde y Santo Tom\u00e1s sede Punta Arenas firmaron la alcaldesa de la comuna, Sabina Ballesteros y la rectora de la instituci\u00f3n de educaci\u00f3n superior, Valeska Acevedo. Esta alianza permitir\u00e1 que alumnos de la casa de estudios superiores puedan realizar sus pr\u00e1cticas t\u00e9cnicas y profesionales en el municipio.<\/p>\n\n\n\n<p>El acuerdo colaborativo entre ambas instituciones tiene como prop\u00f3sito realizar un intercambio de experiencias, iniciativas, proyectos y programas dirigido a funcionarios, usuarios, acad\u00e9micos y estudiantes.<\/p>\n\n\n\n<p>Al respecto, la rectora de Santo Tom\u00e1s Punta Arenas coment\u00f3 que \u201cla idea de este convenio es poder darles la oportunidad a estudiantes del \u00c1rea de Administraci\u00f3n y de Servicio Social para que realicen sus pr\u00e1cticas profesionales y puedan insertarse en el servicio p\u00fablico. Por lo tanto, es un convenio que genera una mutua necesidad, ya que para la Municipalidad es importante trabajar con estudiantes en pr\u00e1ctica y para nosotros es fundamental que el estudiante se inserte en el mundo laboral lo antes posible\u201d.<\/p>\n\n\n\n<p>Por su parte la alcaldesa de la Municipalidad de Rio Verde, Sabina Ballesteros, se mostr\u00f3 entusiasmada de formar esta alianza. \u201cPara m\u00ed siempre ha sido importante fomentar la academia y tambi\u00e9n aprender de ella. Este convenio significa abrir las puertas para que el municipio pueda recibir estudiantes en pr\u00e1ctica y vean como se trabaja en el mundo p\u00fablico, en este caso de un municipio peque\u00f1o, rural que es muy distinto a las otras realizades de la ciudad y nosotros nutrirnos de las herramientas nuevas que les van ense\u00f1ando en la misma academia\u201d, coment\u00f3 la alcaldesa.<\/p>\n\n\n\n<p>Actualmente, una estudiante de \u00faltimo a\u00f1o de la carrera de Ingenier\u00eda en Administraci\u00f3n con Menci\u00f3n en Gesti\u00f3n P\u00fablica del Instituto Profesional Santo Tom\u00e1s Punta Arenas realiza su pr\u00e1ctica profesional en la Municipalidad de Rio Verde y es la primera alumna en formar parte de este beneficio. \u201cPrimero que todo quisiera agradecer la gran oportunidad y desaf\u00edo de realizar mi pr\u00e1ctica profesional en la Ilustre Municipalidad de Rio Verde, donde he podido combinar el conocimiento te\u00f3rico con la experiencia en el mundo p\u00fablico\u201d, coment\u00f3 Miriam Maldonado.<\/p>\n\n\n\n<p>Valor\u00f3, adem\u00e1s, la posibilidad de ampliar sus conocimientos y potenciar su carrera en otras \u00e1reas. \u201cDesempe\u00f1ar mi carrera en el \u00e1rea de salud de este municipio me ha permitido adquirir mayores conocimientos y habilidades blandas que son primordiales para el servicio a la comunidad. Esta alianza entre Santo Tom\u00e1s y la Municipalidad es una excelente iniciativa y espero que se mantenga en el tiempo a beneficio de los estudiantes y futuros estudiantes\u201d, agreg\u00f3 la alumna de Ingenier\u00eda en Administraci\u00f3n con Menci\u00f3n en Gesti\u00f3n P\u00fablica<\/p>\n\n\n\n<p>Este acuerdo de colaboraci\u00f3n entre la Municipalidad de Rio Verde y Santo Tom\u00e1s beneficiar\u00e1, en primera instancia, a estudiantes de todas las carreras del \u00c1rea de Administraci\u00f3n, como son T\u00e9cnico en Administraci\u00f3n, Ingenier\u00eda en Administraci\u00f3n, Ingenier\u00eda en Administraci\u00f3n menci\u00f3n Gesti\u00f3n P\u00fablica y Contador Auditor y, en esta oportunidad, tambi\u00e9n se incluy\u00f3 a la carrera de Servicio Social.<\/p>\n","protected":false},"excerpt":{"rendered":"<p>Un convenio de colaboraci\u00f3n entre la Municipalidad de Rio Verde y Santo Tom\u00e1s sede Punta Arenas firmaron la alcaldesa de la comuna, Sabina Ballesteros y la rectora de la instituci\u00f3n&#8230; <a class=\"read-more\" href=\"https:\/\/www.radiopresidenteibanez.cl\/web\/convenio-entre-municipalidad-de-rio-verde-y-santo-tomas-permitira-a-estudiantes-realizar-practicas-profesionales\/\">Leer m\u00e1s<\/a><\/p>\n","protected":false},"author":2,"featured_media":34599,"comment_status":"closed","ping_status":"closed","sticky":false,"template":"","format":"standard","meta":{"footnotes":""},"categories":[1],"tags":[],"class_list":["post-34598","post","type-post","status-publish","format-standard","has-post-thumbnail","hentry","category-cronica"],"_links":{"self":[{"href":"https:\/\/www.radiopresidenteibanez.cl\/web\/wp-json\/wp\/v2\/posts\/34598","targetHints":{"allow":["GET"]}}],"collection":[{"href":"https:\/\/www.radiopresidenteibanez.cl\/web\/wp-json\/wp\/v2\/posts"}],"about":[{"href":"https:\/\/www.radiopresidenteibanez.cl\/web\/wp-json\/wp\/v2\/types\/post"}],"author":[{"embeddable":true,"href":"https:\/\/www.radiopresidenteibanez.cl\/web\/wp-json\/wp\/v2\/users\/2"}],"replies":[{"embeddable":true,"href":"https:\/\/www.radiopresidenteibanez.cl\/web\/wp-json\/wp\/v2\/comments?post=34598"}],"version-history":[{"count":0,"href":"https:\/\/www.radiopresidenteibanez.cl\/web\/wp-json\/wp\/v2\/posts\/34598\/revisions"}],"wp:featuredmedia":[{"embeddable":true,"href":"https:\/\/www.radiopresidenteibanez.cl\/web\/wp-json\/wp\/v2\/media\/34599"}],"wp:attachment":[{"href":"https:\/\/www.radiopresidenteibanez.cl\/web\/wp-json\/wp\/v2\/media?parent=34598"}],"wp:term":[{"taxonomy":"category","embeddable":true,"href":"https:\/\/www.radiopresidenteibanez.cl\/web\/wp-json\/wp\/v2\/categories?post=34598"},{"taxonomy":"post_tag","embeddable":true,"href":"https:\/\/www.radiopresidenteibanez.cl\/web\/wp-json\/wp\/v2\/tags?post=34598"}],"curies":[{"name":"wp","href":"https:\/\/api.w.org\/{rel}","templated":true}]}}