{"id":34595,"date":"2022-11-17T15:05:00","date_gmt":"2022-11-17T18:05:00","guid":{"rendered":"https:\/\/www.radiopresidenteibanez.cl\/web\/?p=34595"},"modified":"2022-11-17T10:07:50","modified_gmt":"2022-11-17T13:07:50","slug":"ninos-y-ninas-conocen-a-autor-de-libro-de-la-prehistoria-patagonica","status":"publish","type":"post","link":"https:\/\/www.radiopresidenteibanez.cl\/web\/ninos-y-ninas-conocen-a-autor-de-libro-de-la-prehistoria-patagonica\/","title":{"rendered":"NI\u00d1OS Y NI\u00d1AS CONOCEN A AUTOR DE LIBRO DE LA PREHISTORIA PATAG\u00d3NICA"},"content":{"rendered":"\n<p>Como parte del programa nacional Di\u00e1logos en Movimiento y el Plan Nacional de la Lectura, siete ni\u00f1os y ni\u00f1as en cuidado alternativo, asistieron a un ciclo de lectura con Pablo Ru\u00edz Teneb, autor e ilustrador de \u201cLas Hojas de Guido\u201d.&nbsp; Adem\u00e1s de conocer al escritor, los participantes pudieron preguntarle respecto a la inspiraci\u00f3n, t\u00e9cnicas de dibujo, e incluso, las libertades creativas que Ru\u00edz se tom\u00f3 para contar la historia de un dinosaurio en la Patagonia.<\/p>\n\n\n\n<p>Promovidas por el Ministerio de Culturas, las Artes y el Patrimonio, estas iniciativas buscan reconocer y fomentar la lectura como un derecho social, acortando las brechas sociales y culturales en Chile, junto con fomentar el desarrollo de personas informadas, cr\u00edticas, creativas, reflexivas y participativas desde temprana edad. En esta oportunidad, la actividad se desarroll\u00f3 con la colaboraci\u00f3n del Instituto Ant\u00e1rtico Chileno y el Servicio Nacional de Protecci\u00f3n Especializada a la Ni\u00f1ez y Adolescencia.<\/p>\n\n\n\n<p>La analista intersecotorial del Servicio Especializado Mejor Ni\u00f1ez, Paula Salinas Cristi, destac\u00f3 \u201cEstas actividades son sumamente provechosas para los ni\u00f1os y ni\u00f1as que hoy viven en residencias. Obviamente complementan su aprendizaje y desarrollo, pero tambi\u00e9n pueden llegar a ser experiencias formativas. Al presentarles al autor de un libro que les ha gustado \u2013 quien adem\u00e1s es de Magallanes y quiz\u00e1s estudi\u00f3 en los mismos colegios que ellos \u2013 tienen una experiencia tangible que los puede motivar a reconocer la escritura e ilustraci\u00f3n como una forma de expresarse y \u2013 por qu\u00e9 no \u2013 una carrera gratificante a futuro\u201d.<\/p>\n","protected":false},"excerpt":{"rendered":"<p>Como parte del programa nacional Di\u00e1logos en Movimiento y el Plan Nacional de la Lectura, siete ni\u00f1os y ni\u00f1as en cuidado alternativo, asistieron a un ciclo de lectura con Pablo&#8230; <a class=\"read-more\" href=\"https:\/\/www.radiopresidenteibanez.cl\/web\/ninos-y-ninas-conocen-a-autor-de-libro-de-la-prehistoria-patagonica\/\">Leer m\u00e1s<\/a><\/p>\n","protected":false},"author":2,"featured_media":34596,"comment_status":"closed","ping_status":"closed","sticky":false,"template":"","format":"standard","meta":{"footnotes":""},"categories":[1],"tags":[],"class_list":["post-34595","post","type-post","status-publish","format-standard","has-post-thumbnail","hentry","category-cronica"],"_links":{"self":[{"href":"https:\/\/www.radiopresidenteibanez.cl\/web\/wp-json\/wp\/v2\/posts\/34595","targetHints":{"allow":["GET"]}}],"collection":[{"href":"https:\/\/www.radiopresidenteibanez.cl\/web\/wp-json\/wp\/v2\/posts"}],"about":[{"href":"https:\/\/www.radiopresidenteibanez.cl\/web\/wp-json\/wp\/v2\/types\/post"}],"author":[{"embeddable":true,"href":"https:\/\/www.radiopresidenteibanez.cl\/web\/wp-json\/wp\/v2\/users\/2"}],"replies":[{"embeddable":true,"href":"https:\/\/www.radiopresidenteibanez.cl\/web\/wp-json\/wp\/v2\/comments?post=34595"}],"version-history":[{"count":0,"href":"https:\/\/www.radiopresidenteibanez.cl\/web\/wp-json\/wp\/v2\/posts\/34595\/revisions"}],"wp:featuredmedia":[{"embeddable":true,"href":"https:\/\/www.radiopresidenteibanez.cl\/web\/wp-json\/wp\/v2\/media\/34596"}],"wp:attachment":[{"href":"https:\/\/www.radiopresidenteibanez.cl\/web\/wp-json\/wp\/v2\/media?parent=34595"}],"wp:term":[{"taxonomy":"category","embeddable":true,"href":"https:\/\/www.radiopresidenteibanez.cl\/web\/wp-json\/wp\/v2\/categories?post=34595"},{"taxonomy":"post_tag","embeddable":true,"href":"https:\/\/www.radiopresidenteibanez.cl\/web\/wp-json\/wp\/v2\/tags?post=34595"}],"curies":[{"name":"wp","href":"https:\/\/api.w.org\/{rel}","templated":true}]}}