{"id":34589,"date":"2022-11-17T12:22:00","date_gmt":"2022-11-17T15:22:00","guid":{"rendered":"https:\/\/www.radiopresidenteibanez.cl\/web\/?p=34589"},"modified":"2022-11-17T09:26:20","modified_gmt":"2022-11-17T12:26:20","slug":"justicia-y-umag-trabajan-diagnostico-de-derechos-humanos-en-la-region","status":"publish","type":"post","link":"https:\/\/www.radiopresidenteibanez.cl\/web\/justicia-y-umag-trabajan-diagnostico-de-derechos-humanos-en-la-region\/","title":{"rendered":"JUSTICIA Y UMAG TRABAJAN DIAGN\u00d3STICO DE DERECHOS HUMANOS EN LA REGION"},"content":{"rendered":"\n<p>Con la presencia de organizaciones de la sociedad civil y entidades p\u00fablicas e instituciones colaborativas con la Universidad de Magallanes (UMAG), se desarroll\u00f3 el \u00abPrimer Encuentro Participativo de Derechos Humanos en la Regi\u00f3n de Magallanes y la Ant\u00e1rtica Chilena\u00bb, fruto de una alianza de trabajo entre la Secretar\u00eda Regional Ministerial de Justicia y Derechos Humanos y la Unidad de Derechos Humanos, Inclusi\u00f3n y Ciudadan\u00eda de la UMAG.<\/p>\n\n\n\n<p>La iniciativa se enmarc\u00f3 dentro de la estrategia institucional de ambas entidades convocantes, la cual busca la elaboraci\u00f3n de un diagn\u00f3stico regional de Derechos Humanos en las organizaciones, instituciones y\/o servicios de la regi\u00f3n.<\/p>\n\n\n\n<p>En la oportunidad, Brian Fleet Palma, del Instituto Nacional de Derechos Humanos (INDH) expuso (v\u00eda online) el tema: \u201c\u00bfQu\u00e9 son los Derechos Humanos?\u201d. Abord\u00f3 esta materia a partir de sus dimensiones jur\u00eddica, \u00e9tica y pol\u00edtica, revisando las fuentes del Sistema Universal y del Sistema Interamericano de DD.HH., adem\u00e1s de sus caracter\u00edsticas y principios generales. Un aspecto importante abordado fue la necesaria internacionalizaci\u00f3n de los derechos, al no resultar suficiente la tutela estatal interna (operan como una garant\u00eda frente al Estado) y al existir adversarios de los DD.HH. presentes en m\u00e1s de un Estado, por lo que se requieren medios supraestatales para enfrentarlos.<\/p>\n\n\n\n<p>Por su parte, el jefe de la carrera de Derecho de la UMAG, Ram\u00f3n Mayorga McDonald, abord\u00f3 \u201cSistemas de DD.HH y Pactos Ratificados por Chile\u201d. El acad\u00e9mico relev\u00f3 el poder analizar un concepto pol\u00e9mico como el de los DD.HH. desde una perspectiva m\u00e1s t\u00e9cnica, <em>\u201cpues en ocasiones en el discurso imperante suele asociarse el concepto con algunas ideolog\u00edas pol\u00edticas o ciertos episodios de la historia\u201d. <\/em>Como objeto de inter\u00e9s del Derecho Internacional de los DD.HH., plante\u00f3 que, en virtud de una inquietud de la comunidad internacional se han adoptado tratados, los cuales el Estado de Chile tambi\u00e9n ha ratificado.<\/p>\n\n\n\n<p>Indic\u00f3 que la Declaraci\u00f3n Universal de los DD.HH. es el consenso al que llegaron muchas naciones en su momento, y que incorpora derechos m\u00e1s cl\u00e1sicos como el derecho a la vida, la libertad de expresi\u00f3n, libertad religiosa, de salud y educaci\u00f3n, <em>\u201cpero ello no cierra el cat\u00e1logo, sino que adem\u00e1s paulatinamente existe discusi\u00f3n en torno al reconocimiento de otras dimensiones de la vida humana, que tambi\u00e9n son merecedoras de la protecci\u00f3n de los instrumentos internacionales\u201d.<\/em><\/p>\n\n\n\n<p>Las exposiciones dar\u00edan paso a un posterior trabajo grupal, en el que se abordaron la percepci\u00f3n de los DD.HH. y su eventual vulneraci\u00f3n por parte del Estado, as\u00ed como el cumplimiento y promoci\u00f3n de las obligaciones en DD.HH. y la importancia de educar en esta materia y a qui\u00e9n corresponde dicha tarea.<\/p>\n\n\n\n<p>Michelle Peutat, Seremi de Justicia y DD.HH., destac\u00f3 la invitaci\u00f3n a distintas instituciones del Estado y organizaciones de la sociedad civil, para elaborar un diagn\u00f3stico regional en DD.HH., de cu\u00e1l es la situaci\u00f3n de cumplimiento de obligaciones en dicha materia y as\u00ed constituir un plan de trabajo con diversos compromisos para los pr\u00f3ximos a\u00f1os.<\/p>\n\n\n\n<p>Resalt\u00f3 como fundamental para el gobierno el compromiso y alianza estrat\u00e9gica con las universidades p\u00fablicas, que cumplen un rol importante en las comunidades, <em>\u201cy en ese sentido si queremos educar, promover y garantizar en materia de DD.HH., es relevante que las instituciones del Estado, incluidas las universidades p\u00fablicas, est\u00e9n presentes en ese debate y, sin lugar a dudas, la UMAG ha manifestado su compromiso en esta materia\u201d.<\/em><\/p>\n\n\n\n<p>Nicol Ahern Medina, Jefa de la Unidad de Derechos Humanos, Inclusi\u00f3n y Ciudadan\u00eda UMAG, valor\u00f3 este primer encuentro en conjunto con Justicia, a fin de poder levantar algunos aspectos esenciales en materia de DD.HH. y, sobre todo, a trav\u00e9s de un di\u00e1logo participativo que permita rescatar y diagnosticar de alguna manera las necesidades propias, tanto de la SEREM\u00cdA de Justicia como de la UMAG, para poder trabajar en ellas el pr\u00f3ximo a\u00f1o y, en base a eso, hacer una carta de navegaci\u00f3n. Aqu\u00ed, lo importante es <em>\u201cque sea participativo, ciudadano como lo que se hace hoy con los trabajos colaborativos de las entidades p\u00fablicas, privadas y la sociedad civil tambi\u00e9n y sus organizaciones\u201d.<\/em><\/p>\n\n\n\n<p>Entre quienes participaron del evento, In\u00e9s Recart Parra, Ministra Interina de la Corte de Apelaciones de Punta Arenas, destac\u00f3 el trabajo realizado, al poner de relieve sus obligaciones como funcionarios estatales, con especial \u00e9nfasis en asegurar el acceso a la justicia y en hacer efectivos los derechos: <em>\u201cy este enfoque se refiere a los DD.HH., especialmente a los grupos m\u00e1s vulnerables, por eso es de radical importancia que nosotros estemos en todo este tipo estas actividades\u201d.<\/em><\/p>\n\n\n\n<p>Por su parte, Marcos Barticevic representante de la Asociaci\u00f3n Cultural Nuestra Madre Grande, valor\u00f3 la uni\u00f3n de dos organismos, como el Ministerio de Justicia y la UMAG, <em>\u201cque en DD.HH. deben actuar juntos, y me parece que esa uni\u00f3n va a hacer posible que otros organismos del Estado y de la sociedad civil se involucren y participen tambi\u00e9n\u201d. <\/em>Al ser una materia tan amplia, se\u00f1al\u00f3 que la educaci\u00f3n en DD.HH. no puede restringirse s\u00f3lo a un grupo de personas o entidades, sino que se debe expandir al resto de la sociedad y en todo momento.<em> \u201cEstamos muy limitados a determinados tipos de violaciones muy flagrantes en la sociedad, y uno se encuentra con violaciones de DD.HH. a cada paso, entonces es un problema generacional que debemos tomar en cuenta ah\u00ed\u201d,<\/em> subray\u00f3.<\/p>\n","protected":false},"excerpt":{"rendered":"<p>Con la presencia de organizaciones de la sociedad civil y entidades p\u00fablicas e instituciones colaborativas con la Universidad de Magallanes (UMAG), se desarroll\u00f3 el \u00abPrimer Encuentro Participativo de Derechos Humanos&#8230; <a class=\"read-more\" href=\"https:\/\/www.radiopresidenteibanez.cl\/web\/justicia-y-umag-trabajan-diagnostico-de-derechos-humanos-en-la-region\/\">Leer m\u00e1s<\/a><\/p>\n","protected":false},"author":2,"featured_media":34590,"comment_status":"closed","ping_status":"closed","sticky":false,"template":"","format":"standard","meta":{"footnotes":""},"categories":[1],"tags":[],"class_list":["post-34589","post","type-post","status-publish","format-standard","has-post-thumbnail","hentry","category-cronica"],"_links":{"self":[{"href":"https:\/\/www.radiopresidenteibanez.cl\/web\/wp-json\/wp\/v2\/posts\/34589","targetHints":{"allow":["GET"]}}],"collection":[{"href":"https:\/\/www.radiopresidenteibanez.cl\/web\/wp-json\/wp\/v2\/posts"}],"about":[{"href":"https:\/\/www.radiopresidenteibanez.cl\/web\/wp-json\/wp\/v2\/types\/post"}],"author":[{"embeddable":true,"href":"https:\/\/www.radiopresidenteibanez.cl\/web\/wp-json\/wp\/v2\/users\/2"}],"replies":[{"embeddable":true,"href":"https:\/\/www.radiopresidenteibanez.cl\/web\/wp-json\/wp\/v2\/comments?post=34589"}],"version-history":[{"count":0,"href":"https:\/\/www.radiopresidenteibanez.cl\/web\/wp-json\/wp\/v2\/posts\/34589\/revisions"}],"wp:featuredmedia":[{"embeddable":true,"href":"https:\/\/www.radiopresidenteibanez.cl\/web\/wp-json\/wp\/v2\/media\/34590"}],"wp:attachment":[{"href":"https:\/\/www.radiopresidenteibanez.cl\/web\/wp-json\/wp\/v2\/media?parent=34589"}],"wp:term":[{"taxonomy":"category","embeddable":true,"href":"https:\/\/www.radiopresidenteibanez.cl\/web\/wp-json\/wp\/v2\/categories?post=34589"},{"taxonomy":"post_tag","embeddable":true,"href":"https:\/\/www.radiopresidenteibanez.cl\/web\/wp-json\/wp\/v2\/tags?post=34589"}],"curies":[{"name":"wp","href":"https:\/\/api.w.org\/{rel}","templated":true}]}}