{"id":34586,"date":"2022-11-17T11:19:00","date_gmt":"2022-11-17T14:19:00","guid":{"rendered":"https:\/\/www.radiopresidenteibanez.cl\/web\/?p=34586"},"modified":"2022-11-17T09:22:15","modified_gmt":"2022-11-17T12:22:15","slug":"escuela-elba-ojeda-gomez-de-rio-seco-dio-vida-a-su-decimo-campeonato-de-futsal","status":"publish","type":"post","link":"https:\/\/www.radiopresidenteibanez.cl\/web\/escuela-elba-ojeda-gomez-de-rio-seco-dio-vida-a-su-decimo-campeonato-de-futsal\/","title":{"rendered":"<strong>ESCUELA ELBA OJEDA G\u00d3MEZ DE R\u00cdO SECO DIO VIDA A SU D\u00c9CIMO CAMPEONATO DE FUTSAL<\/strong>"},"content":{"rendered":"\n<p>Durante tres d\u00edas y con un gimnasio colmado de p\u00fablico, estudiantes de diversos establecimientos educacionales pudieron retornar de manera presencial a vivir esta tradicional fiesta deportiva de Futsal, organizado por la escuela Elba Ojeda G\u00f3mez, luego de dos a\u00f1os de interrupci\u00f3n debido a la pandemia. As\u00ed lo dio a conocer el profesor y coordinador del Torneo, Danilo Pinto Ojeda, quien agradeci\u00f3 la excelente convocatoria.<\/p>\n\n\n\n<p>En esta d\u00e9cima versi\u00f3n del campeonato, realizada del 10 al 12 de noviembre, participaron estudiantes de las escuelas Charles Darwin, Liceo Juan Bautista Contardi, Pedro Sarmiento de Gamboa; Miguel de Cervantes, escuela Argentina, escuela Portugal, Pedro Pablo Lemaitre, sumado al equipo local,<\/p>\n\n\n\n<p><strong>M\u00e1s de 120 deportistas<\/strong><\/p>\n\n\n\n<p>Las categor\u00edas que participaron en el torneo fueron las siguientes: 2014-2015, 2012-2013, 2010-2011 y 2008-2009, donde adem\u00e1s el p\u00fablico pudo disfrutar de un partido de exhibici\u00f3n en la categor\u00eda damas 2014-2015, previo a las finales el d\u00eda s\u00e1bado. Adem\u00e1s, se entreg\u00f3 una copa, en reconocimiento a las vallas menos batidas y a los goleadores del torneo por categor\u00eda.&nbsp;<\/p>\n\n\n\n<p>Los ganadores del torneo -que se llev\u00f3 a cabo con la participaci\u00f3n de \u00e1rbitros federados durante todas las jornadas- fueron las siguientes escuelas:<\/p>\n\n\n\n<p>\u00b7&nbsp;&nbsp;&nbsp;&nbsp;&nbsp;&nbsp;&nbsp;&nbsp;2014-2015: Liceo Contardi<\/p>\n\n\n\n<p>\u00b7&nbsp;&nbsp;&nbsp;&nbsp;&nbsp;&nbsp;&nbsp;&nbsp;2012-2013: Liceo Contardi<\/p>\n\n\n\n<p>\u00b7&nbsp;&nbsp;&nbsp;&nbsp;&nbsp;&nbsp;&nbsp;&nbsp;2010-2011: Charles Darwin<\/p>\n\n\n\n<p>\u00b7&nbsp;&nbsp;&nbsp;&nbsp;&nbsp;&nbsp;&nbsp;&nbsp;2008-2009: Miguel de Cervantes<\/p>\n\n\n\n<p>\u201cQueremos agradecer a todos los equipos participantes por venir y dar vida a este evento, a todo nuestro equipo de profesores, asistentes y alumnos que apoyaron la organizaci\u00f3n los 3 d\u00edas sin descanso, y por supuesto a todos quienes nos auspiciaron para sacar adelante el torneo, empresas, negocios, particulares, etc. porque sin ellos esto no hubiera sido posible\u201d, concluy\u00f3 el profesor Danilo Pinto Ojeda<\/p>\n\n\n\n<p>Con esto se dio por finalizada la X versi\u00f3n del campeonato de Futsal de la Escuela Elba Ojeda G\u00f3mez, de R\u00edo Seco, esperando con gran expectativa su XI versi\u00f3n en 2023.&nbsp;<\/p>\n","protected":false},"excerpt":{"rendered":"<p>Durante tres d\u00edas y con un gimnasio colmado de p\u00fablico, estudiantes de diversos establecimientos educacionales pudieron retornar de manera presencial a vivir esta tradicional fiesta deportiva de Futsal, organizado por&#8230; <a class=\"read-more\" href=\"https:\/\/www.radiopresidenteibanez.cl\/web\/escuela-elba-ojeda-gomez-de-rio-seco-dio-vida-a-su-decimo-campeonato-de-futsal\/\">Leer m\u00e1s<\/a><\/p>\n","protected":false},"author":2,"featured_media":34587,"comment_status":"closed","ping_status":"closed","sticky":false,"template":"","format":"standard","meta":{"footnotes":""},"categories":[1],"tags":[],"class_list":["post-34586","post","type-post","status-publish","format-standard","has-post-thumbnail","hentry","category-cronica"],"_links":{"self":[{"href":"https:\/\/www.radiopresidenteibanez.cl\/web\/wp-json\/wp\/v2\/posts\/34586","targetHints":{"allow":["GET"]}}],"collection":[{"href":"https:\/\/www.radiopresidenteibanez.cl\/web\/wp-json\/wp\/v2\/posts"}],"about":[{"href":"https:\/\/www.radiopresidenteibanez.cl\/web\/wp-json\/wp\/v2\/types\/post"}],"author":[{"embeddable":true,"href":"https:\/\/www.radiopresidenteibanez.cl\/web\/wp-json\/wp\/v2\/users\/2"}],"replies":[{"embeddable":true,"href":"https:\/\/www.radiopresidenteibanez.cl\/web\/wp-json\/wp\/v2\/comments?post=34586"}],"version-history":[{"count":0,"href":"https:\/\/www.radiopresidenteibanez.cl\/web\/wp-json\/wp\/v2\/posts\/34586\/revisions"}],"wp:featuredmedia":[{"embeddable":true,"href":"https:\/\/www.radiopresidenteibanez.cl\/web\/wp-json\/wp\/v2\/media\/34587"}],"wp:attachment":[{"href":"https:\/\/www.radiopresidenteibanez.cl\/web\/wp-json\/wp\/v2\/media?parent=34586"}],"wp:term":[{"taxonomy":"category","embeddable":true,"href":"https:\/\/www.radiopresidenteibanez.cl\/web\/wp-json\/wp\/v2\/categories?post=34586"},{"taxonomy":"post_tag","embeddable":true,"href":"https:\/\/www.radiopresidenteibanez.cl\/web\/wp-json\/wp\/v2\/tags?post=34586"}],"curies":[{"name":"wp","href":"https:\/\/api.w.org\/{rel}","templated":true}]}}