{"id":3457,"date":"2019-04-16T16:30:42","date_gmt":"2019-04-16T16:30:42","guid":{"rendered":"http:\/\/www.radiopresidenteibanez.cl\/web\/?p=3457"},"modified":"2019-04-16T16:31:15","modified_gmt":"2019-04-16T16:31:15","slug":"en-porvenir-se-inauguro-taller-de-estrategia-de-desarrollo-local-inclusivo","status":"publish","type":"post","link":"https:\/\/www.radiopresidenteibanez.cl\/web\/en-porvenir-se-inauguro-taller-de-estrategia-de-desarrollo-local-inclusivo\/","title":{"rendered":"EN PORVENIR SE INAUGUR\u00d3 TALLER DE ESTRATEGIA DE DESARROLLO LOCAL INCLUSIVO"},"content":{"rendered":"\n<p>En el sal\u00f3n\naudit\u00f3rium del liceo Hernando de Magallanes de Porvenir, se realiz\u00f3 el acto de\ninauguraci\u00f3n del taller laboral, iniciativa de la Estrategia de Desarrollo\nLocal Inclusivo, financiado por el Servicio Nacional de Discapacidad y el\nPrograma de Integraci\u00f3n Escolar del plantel educacional de la comuna de\nPorvenir.&nbsp;<\/p>\n\n\n\n<p>El Servicio\nNacional de la Discapacidad fue creado por mandato de la Ley N\u00b0 20.422, que\nestablece normas sobre igualdad de oportunidades e inclusi\u00f3n social de personas\ncon discapacidad, normativa publicada en el Diario Oficial el 10 de febrero de\n2010. Es un servicio p\u00fablico funcionalmente descentralizado y desconcentrado\nterritorialmente, que tiene por finalidad promover el derecho a la igualdad de\noportunidades de las personas en situaci\u00f3n de discapacidad, con el fin de\nobtener su inclusi\u00f3n social, contribuyendo al pleno disfrute de sus derechos y\neliminando cualquier forma de discriminaci\u00f3n fundada en la discapacidad, a\ntrav\u00e9s de la coordinaci\u00f3n del accionar del Estado, la ejecuci\u00f3n de pol\u00edticas y\nprogramas, en el marco de estrategias de desarrollo local inclusivo.&nbsp;<\/p>\n\n\n\n<p>La\nestrategia de desarrollo local inclusiva, es una oferta multiprogram\u00e1tica, que\ntiene como objetivo generar un proceso creciente, en los territorios, de\ninclusi\u00f3n social de las personas en situaci\u00f3n de discapacidad, sus familias y\norganizaciones. Adem\u00e1s, considera un plan de apoyo a los municipios con la\nfinalidad de impulsar gestiones intersectoriales de envergadura para\nestabilizar una pol\u00edtica p\u00fablica de largo plazo, que fortalezca planes de\ninclusi\u00f3n social para las personas en situaci\u00f3n de discapacidad, desde los\ngobiernos locales, en alianza con las organizaciones comunitarias.&nbsp;<\/p>\n\n\n\n<p>Espec\u00edficamente\nen la comuna de Porvenir, el proyecto se ejecuta desde agosto de 2018, con un\nfinanciamiento total de $44.296.461, que va en beneficio directo de los\nusuarios entre 18 y 59 a\u00f1os de edad que posean alg\u00fan tipo de discapacidad.<\/p>\n\n\n\n<p>La\nalcaldesa de Porvenir, Marisol Andrade C\u00e1rdenas, agradeci\u00f3 el inicio de este\nlindo proyecto que es crear talleres\nlaborales inclusivos, dijo la autoridad edilicia \u201cque esto es una asociatividad\nentre los programa EDLI y el PIE, ambos programas de origen municipal y lo que\nbusca es dar oportunidad, independencia e inclusi\u00f3n para nuestros ni\u00f1os y\nj\u00f3venes en la comuna\u201d. Agreg\u00f3 que hoy partimos con estos dos talleres los\ncuales pretendemos seguir incrementando en el tiempo de tal manera, que podamos\ncrear actividades con estos talleres que sean del gusto de nuestros j\u00f3venes y\nque permita que ellos puedan desarrollarse en forma integral e independiente y\nque sean parte de una comunidad inclusiva como es Porvenir\u201d; Concluy\u00f3.<\/p>\n\n\n\n<p>La visi\u00f3n del Liceo Hernando de Magallanes contempla entregar una educaci\u00f3n inclusiva de calidad en las \u00e1reas humanistas, cient\u00edfica, art\u00edstico-deportiva y t\u00e9cnico profesional, en concordancia con el respeto, la responsabilidad, la solidaridad, la tolerancia y conservaci\u00f3n del medio ambiente. Transformarse en un liceo abierto a la comunidad, que permita integrar a sus distintos componentes, en una sana y justa convivencia, es por lo cual esta iniciativa conjunta del PIE del liceo de Hernando de Magallanes y EDLI es tan importante para el desarrollo de los j\u00f3venes de la comuna.\u00a0<\/p>\n\n\n\n<figure class=\"wp-block-image\"><img loading=\"lazy\" decoding=\"async\" width=\"1024\" height=\"640\" src=\"https:\/\/www.radiopresidenteibanez.cl\/web\/wp-content\/uploads\/2019\/04\/Taller-3-1024x640.jpg\" alt=\"\" class=\"wp-image-3458\" srcset=\"https:\/\/www.radiopresidenteibanez.cl\/web\/wp-content\/uploads\/2019\/04\/Taller-3-1024x640.jpg 1024w, https:\/\/www.radiopresidenteibanez.cl\/web\/wp-content\/uploads\/2019\/04\/Taller-3-300x188.jpg 300w, https:\/\/www.radiopresidenteibanez.cl\/web\/wp-content\/uploads\/2019\/04\/Taller-3-768x480.jpg 768w, https:\/\/www.radiopresidenteibanez.cl\/web\/wp-content\/uploads\/2019\/04\/Taller-3.jpg 1440w\" sizes=\"auto, (max-width: 1024px) 100vw, 1024px\" \/><\/figure>\n","protected":false},"excerpt":{"rendered":"<p>En el sal\u00f3n audit\u00f3rium del liceo Hernando de Magallanes de Porvenir, se realiz\u00f3 el acto de inauguraci\u00f3n del taller laboral, iniciativa de la Estrategia de Desarrollo Local Inclusivo, financiado por&#8230; <a class=\"read-more\" href=\"https:\/\/www.radiopresidenteibanez.cl\/web\/en-porvenir-se-inauguro-taller-de-estrategia-de-desarrollo-local-inclusivo\/\">Leer m\u00e1s<\/a><\/p>\n","protected":false},"author":2,"featured_media":3458,"comment_status":"closed","ping_status":"closed","sticky":false,"template":"","format":"standard","meta":{"footnotes":""},"categories":[1],"tags":[],"class_list":["post-3457","post","type-post","status-publish","format-standard","has-post-thumbnail","hentry","category-cronica"],"_links":{"self":[{"href":"https:\/\/www.radiopresidenteibanez.cl\/web\/wp-json\/wp\/v2\/posts\/3457","targetHints":{"allow":["GET"]}}],"collection":[{"href":"https:\/\/www.radiopresidenteibanez.cl\/web\/wp-json\/wp\/v2\/posts"}],"about":[{"href":"https:\/\/www.radiopresidenteibanez.cl\/web\/wp-json\/wp\/v2\/types\/post"}],"author":[{"embeddable":true,"href":"https:\/\/www.radiopresidenteibanez.cl\/web\/wp-json\/wp\/v2\/users\/2"}],"replies":[{"embeddable":true,"href":"https:\/\/www.radiopresidenteibanez.cl\/web\/wp-json\/wp\/v2\/comments?post=3457"}],"version-history":[{"count":0,"href":"https:\/\/www.radiopresidenteibanez.cl\/web\/wp-json\/wp\/v2\/posts\/3457\/revisions"}],"wp:featuredmedia":[{"embeddable":true,"href":"https:\/\/www.radiopresidenteibanez.cl\/web\/wp-json\/wp\/v2\/media\/3458"}],"wp:attachment":[{"href":"https:\/\/www.radiopresidenteibanez.cl\/web\/wp-json\/wp\/v2\/media?parent=3457"}],"wp:term":[{"taxonomy":"category","embeddable":true,"href":"https:\/\/www.radiopresidenteibanez.cl\/web\/wp-json\/wp\/v2\/categories?post=3457"},{"taxonomy":"post_tag","embeddable":true,"href":"https:\/\/www.radiopresidenteibanez.cl\/web\/wp-json\/wp\/v2\/tags?post=3457"}],"curies":[{"name":"wp","href":"https:\/\/api.w.org\/{rel}","templated":true}]}}