{"id":34563,"date":"2022-11-16T18:40:00","date_gmt":"2022-11-16T21:40:00","guid":{"rendered":"https:\/\/www.radiopresidenteibanez.cl\/web\/?p=34563"},"modified":"2022-11-16T16:06:34","modified_gmt":"2022-11-16T19:06:34","slug":"grupo-chileno-congreso-en-el-ultimo-tren-a-casa","status":"publish","type":"post","link":"https:\/\/www.radiopresidenteibanez.cl\/web\/grupo-chileno-congreso-en-el-ultimo-tren-a-casa\/","title":{"rendered":"GRUPO CHILENO CONGRESO EN EL \u00daLTIMO TREN A CASA"},"content":{"rendered":"\n<p>Este jueves 17 de noviembre, 19 hrs., el programa&nbsp;<em>\u201cEl \u00faltimo tren a casa\u201d<\/em>&nbsp;que produce el Colectivo Aczi\u00f3n Kultural&nbsp; y&nbsp; que conduce Pedro Guichapany presenta una edici\u00f3n dedicada al grupo chileno&nbsp;<em>CONGRESO<\/em>.<\/p>\n\n\n\n<p>Fundada en Quilpu\u00e9 en 1969 la agrupaci\u00f3n es liderada por&nbsp;<em>Sergio \u00abTilo\u00bb Gonz\u00e1lez<\/em>.<\/p>\n\n\n\n<p>En sus m\u00e1s de 50 a\u00f1os de trayectoria cuentan con 17 \u00e1lbumes de estudio y 4 \u00e1lbumes en vivo, incluido un DVD. Comenzaron su carrera a fines de los a\u00f1os 1960 ligados al movimiento musical de la&nbsp;<em>Nueva canci\u00f3n chilena<\/em>, sin embargo con la llegada de la dictadura c\u00edvico-militar y las restricciones culturales de la \u00e9poca, sumado a la gran vocaci\u00f3n instrumental de sus integrantes, evolucionaron hacia el rock progresivo, y luego hacia un sonido de fusi\u00f3n que incorporaba adem\u00e1s elementos del jazz fusi\u00f3n, de la m\u00fasica contempor\u00e1nea, del pop, y de la m\u00fasica \u00e9tnica, sonido denominado por ellos como la&nbsp;<em>Nueva M\u00fasica Latinoamericana<\/em>, y as\u00ed transform\u00e1ndose en un pilar fundamental de la m\u00fasica popular chilena.<\/p>\n\n\n\n<p>Se han ganado el reconocimiento nacional e internacional tanto del p\u00fablico como cr\u00edtica especializada, por sus refinadas composiciones musicales, como tambi\u00e9n por sus letras de fuerte contenido social.<\/p>\n\n\n\n<p>Conform\u00f3 en su primera etapa, junto con&nbsp;<em>Los Jaivas<\/em>&nbsp;y&nbsp;<em>Los Blops<\/em>, en una de las bandas esenciales en el nuevo sonido&nbsp;<em>Progresivo Chileno<\/em>&nbsp;y la&nbsp;<em>Chilenizaci\u00f3n del Rock<\/em>.<\/p>\n\n\n\n<p>Integrantes actuales:<\/p>\n\n\n\n<p><em>Sergio \u00abTilo\u00bb Gonz\u00e1lez<\/em>: (1969-) Composici\u00f3n, bater\u00eda, y guitarra.<\/p>\n\n\n\n<p><em>Francisco Sazo<\/em>: (1969-1980, 1986-) Textos, voz, percusi\u00f3n, y vientos.<\/p>\n\n\n\n<p><em>Hugo Pirovich<\/em>: (1977-) Flautas y percusi\u00f3n.<\/p>\n\n\n\n<p><em>Jaime Atenas<\/em>: (1984-) Saxos soprano y tenor.<\/p>\n\n\n\n<p><em>Ra\u00fal Aliaga<\/em>: (1992-) Percusi\u00f3n cl\u00e1sica y \u00e9tnica.<\/p>\n\n\n\n<p><em>Sebasti\u00e1n Almarza<\/em>: (2003-) Piano, teclados y voz.<em>Federico Faur\u00e9<\/em>: (2006-) Bajo el\u00e9ctrico y contrabajo.<\/p>\n","protected":false},"excerpt":{"rendered":"<p>Este jueves 17 de noviembre, 19 hrs., el programa&nbsp;\u201cEl \u00faltimo tren a casa\u201d&nbsp;que produce el Colectivo Aczi\u00f3n Kultural&nbsp; y&nbsp; que conduce Pedro Guichapany presenta una edici\u00f3n dedicada al grupo chileno&nbsp;CONGRESO&#8230;. <a class=\"read-more\" href=\"https:\/\/www.radiopresidenteibanez.cl\/web\/grupo-chileno-congreso-en-el-ultimo-tren-a-casa\/\">Leer m\u00e1s<\/a><\/p>\n","protected":false},"author":2,"featured_media":34564,"comment_status":"closed","ping_status":"closed","sticky":false,"template":"","format":"standard","meta":{"footnotes":""},"categories":[1],"tags":[],"class_list":["post-34563","post","type-post","status-publish","format-standard","has-post-thumbnail","hentry","category-cronica"],"_links":{"self":[{"href":"https:\/\/www.radiopresidenteibanez.cl\/web\/wp-json\/wp\/v2\/posts\/34563","targetHints":{"allow":["GET"]}}],"collection":[{"href":"https:\/\/www.radiopresidenteibanez.cl\/web\/wp-json\/wp\/v2\/posts"}],"about":[{"href":"https:\/\/www.radiopresidenteibanez.cl\/web\/wp-json\/wp\/v2\/types\/post"}],"author":[{"embeddable":true,"href":"https:\/\/www.radiopresidenteibanez.cl\/web\/wp-json\/wp\/v2\/users\/2"}],"replies":[{"embeddable":true,"href":"https:\/\/www.radiopresidenteibanez.cl\/web\/wp-json\/wp\/v2\/comments?post=34563"}],"version-history":[{"count":0,"href":"https:\/\/www.radiopresidenteibanez.cl\/web\/wp-json\/wp\/v2\/posts\/34563\/revisions"}],"wp:featuredmedia":[{"embeddable":true,"href":"https:\/\/www.radiopresidenteibanez.cl\/web\/wp-json\/wp\/v2\/media\/34564"}],"wp:attachment":[{"href":"https:\/\/www.radiopresidenteibanez.cl\/web\/wp-json\/wp\/v2\/media?parent=34563"}],"wp:term":[{"taxonomy":"category","embeddable":true,"href":"https:\/\/www.radiopresidenteibanez.cl\/web\/wp-json\/wp\/v2\/categories?post=34563"},{"taxonomy":"post_tag","embeddable":true,"href":"https:\/\/www.radiopresidenteibanez.cl\/web\/wp-json\/wp\/v2\/tags?post=34563"}],"curies":[{"name":"wp","href":"https:\/\/api.w.org\/{rel}","templated":true}]}}