{"id":34554,"date":"2022-11-16T15:13:00","date_gmt":"2022-11-16T18:13:00","guid":{"rendered":"https:\/\/www.radiopresidenteibanez.cl\/web\/?p=34554"},"modified":"2022-11-16T10:21:36","modified_gmt":"2022-11-16T13:21:36","slug":"injuv-magallanes-finaliza-programa-de-voluntariado-dirigido-a-eleam-de-punta-arenas","status":"publish","type":"post","link":"https:\/\/www.radiopresidenteibanez.cl\/web\/injuv-magallanes-finaliza-programa-de-voluntariado-dirigido-a-eleam-de-punta-arenas\/","title":{"rendered":"<strong>INJUV Magallanes finaliza programa de voluntariado dirigido a Eleam de Punta Arenas<\/strong>"},"content":{"rendered":"\n<p>A trav\u00e9s de una jornada recreativa dirigida a las personas mayores, la direcci\u00f3n regional del Instituto Nacional de la Juventud (INJUV) dio por finalizado el programa de voluntariado \u201cTransforma Pa\u00eds\u201d, que tiene como objetivo involucrar a los y las j\u00f3venes en instancias de participaci\u00f3n social, siendo el \u00fanico programa de este tipo dise\u00f1ado e implementado desde la institucionalidad p\u00fablica.<\/p>\n\n\n\n<p>La actividad reuni\u00f3 a un grupo&nbsp;11 j\u00f3venes quienes desarrollaron un voluntariado de tipo intergeneracional destinado a mejorar la calidad de vida de las 30 personas mayores que son residentes del Establecimiento de Larga Estad\u00eda (ELEAM) \u201cUn Nuevo Amanecer\u201d de la comuna de Punta Arenas, como una forma de compartir las experiencias de vida entre los j\u00f3venes y las personas mayores.<\/p>\n\n\n\n<p>El Secretario Regional de Desarrollo Social y Familia, Danilo Mimica Mansilla, en compa\u00f1\u00eda del Coordinador Regional de SENAMA, Nicol\u00e1s Soto Cardenas, y del Director subrogante de INJUV Magallanes, Rodrigo Gonz\u00e1lez Villarroel, se\u00f1al\u00f3 que \u201cdurante octubre celebramos en todo el pa\u00eds el mes de las Personas Mayores, que tuvo como foco resaltar la experiencia de ellos y ellas, reconoci\u00e9ndolos como actores que ense\u00f1an a otras generaciones sus conocimientos y consejos, ya sea en el \u00e1mbito laboral o en otros aspectos de la vida. En esta actividad de INJUV estamos poniendo en pr\u00e1ctica esta premisa, generando un encuentro entre los j\u00f3venes y las personas mayores, donde sabemos que ambas partes de benefician\u201d.<\/p>\n\n\n\n<p>Constanza Venegas Rivera, estudiante de tercer a\u00f1o de la carrera de Fonoaudiolog\u00eda de la Universidad de Magallanes (UMAG), fue una de las voluntarias que particip\u00f3 en la actividad. Al respecto coment\u00f3 que \u201cdebido a mi vocaci\u00f3n es una gran oportunidad poder ser parte de esta iniciativa porque no todos los j\u00f3venes tenemos la posibilidad de compartir con personas mayores, lo que debemos potenciar para convertirnos en una sociedad m\u00e1s inclusiva. Sabemos que los adultos mayores de los ELEAM tuvieron poco contacto con sus familiares producto de la pandemia, por lo que es necesario darse el tiempo para compartir con ellos\u201d.<\/p>\n\n\n\n<p>Durante este a\u00f1o INJUV Magallanes ha realizado un total de cuatro acciones de voluntariado en la comuna. El primero de ellos consisti\u00f3 en la limpieza de la Costanera del Estrecho; el segundo en la participaci\u00f3n de j\u00f3venes como gu\u00edas en la celebraci\u00f3n del D\u00eda del Patrimonio Cultural; el pen\u00faltimo en la colaboraci\u00f3n de un mural que se encuentran elaborando los estudiantes del Liceo Sara Braun, y finalmente este encuentro intergeneracional en el ELEAM&nbsp;\u201cUn Nuevo Amanecer\u201d.<\/p>\n","protected":false},"excerpt":{"rendered":"<p>A trav\u00e9s de una jornada recreativa dirigida a las personas mayores, la direcci\u00f3n regional del Instituto Nacional de la Juventud (INJUV) dio por finalizado el programa de voluntariado \u201cTransforma Pa\u00eds\u201d,&#8230; <a class=\"read-more\" href=\"https:\/\/www.radiopresidenteibanez.cl\/web\/injuv-magallanes-finaliza-programa-de-voluntariado-dirigido-a-eleam-de-punta-arenas\/\">Leer m\u00e1s<\/a><\/p>\n","protected":false},"author":2,"featured_media":34555,"comment_status":"closed","ping_status":"closed","sticky":false,"template":"","format":"standard","meta":{"footnotes":""},"categories":[1],"tags":[],"class_list":["post-34554","post","type-post","status-publish","format-standard","has-post-thumbnail","hentry","category-cronica"],"_links":{"self":[{"href":"https:\/\/www.radiopresidenteibanez.cl\/web\/wp-json\/wp\/v2\/posts\/34554","targetHints":{"allow":["GET"]}}],"collection":[{"href":"https:\/\/www.radiopresidenteibanez.cl\/web\/wp-json\/wp\/v2\/posts"}],"about":[{"href":"https:\/\/www.radiopresidenteibanez.cl\/web\/wp-json\/wp\/v2\/types\/post"}],"author":[{"embeddable":true,"href":"https:\/\/www.radiopresidenteibanez.cl\/web\/wp-json\/wp\/v2\/users\/2"}],"replies":[{"embeddable":true,"href":"https:\/\/www.radiopresidenteibanez.cl\/web\/wp-json\/wp\/v2\/comments?post=34554"}],"version-history":[{"count":0,"href":"https:\/\/www.radiopresidenteibanez.cl\/web\/wp-json\/wp\/v2\/posts\/34554\/revisions"}],"wp:featuredmedia":[{"embeddable":true,"href":"https:\/\/www.radiopresidenteibanez.cl\/web\/wp-json\/wp\/v2\/media\/34555"}],"wp:attachment":[{"href":"https:\/\/www.radiopresidenteibanez.cl\/web\/wp-json\/wp\/v2\/media?parent=34554"}],"wp:term":[{"taxonomy":"category","embeddable":true,"href":"https:\/\/www.radiopresidenteibanez.cl\/web\/wp-json\/wp\/v2\/categories?post=34554"},{"taxonomy":"post_tag","embeddable":true,"href":"https:\/\/www.radiopresidenteibanez.cl\/web\/wp-json\/wp\/v2\/tags?post=34554"}],"curies":[{"name":"wp","href":"https:\/\/api.w.org\/{rel}","templated":true}]}}